{"id":1931,"date":"2013-10-03T08:07:26","date_gmt":"2013-10-03T05:07:26","guid":{"rendered":"https:\/\/klaava.fi\/?p=1931"},"modified":"2013-10-03T08:07:26","modified_gmt":"2013-10-03T05:07:26","slug":"turun-kirjamessut-esittelevat-kotimaisten-kirjailijoiden-lisaksi-usan-ja-someron-lahjoja-maailman-kirjallisuudelle","status":"publish","type":"post","link":"https:\/\/klaava.fi\/?p=1931","title":{"rendered":"Turun kirjamessut esittelev\u00e4t kotimaisten kirjailijoiden lis\u00e4ksi USA:n ja Someron lahjoja maailman kirjallisuudelle"},"content":{"rendered":"<p>Vuoden 2013 Turun kirjamessut ovat yleis\u00f6lle avoinna perjantaista 4.10. sunnuntaihin 6.10. Tapahtumapaikkana on Turun messu- ja kongressikeskus Artukaisissa. Kolmeen p\u00e4iv\u00e4\u00e4n mahtuu runsas ohjelma, jota py\u00f6ritet\u00e4\u00e4n per\u00e4ti 11 esiintymispaikalla messuhallissa. Vuoden teemat Turussa ovat USA ja Somero.<\/p>\n<p><img loading=\"lazy\" decoding=\"async\" src=\"http:\/\/farm8.staticflickr.com\/7334\/10065633063_fedc4b1e19.jpg\" width=\"500\" height=\"375\" alt=\"Kirjamessut, yleis\u00f6\u00e4\"><\/p>\n<p>K\u00e4yt\u00e4nn\u00f6ss\u00e4 l\u00e4hes kaikki kotimaiset kirjallisuudet k\u00e4rkinimet ovat Turussa haastateltavina tai keskustelutilaisuuksissa mukana. Yhdysvalloista messuille saapuvat Elizabeth Hand, Marisha Pessl ja Cecilia Samartin. Ruotsista on mukaan p\u00e4\u00e4ssyt Peter Fr\u00f6berg Idling, Ranskasta Olivier Truc ja Virosta Jaak Joer\u00fc\u00fct.<\/p>\n<p>Koko <a href=\"http:\/\/turunmessukeskus.fi\/messut-ja-tapahtumat\/turun-kansainvaliset-kirjamessut\/turun-kansainvalisten-kirjamessujen-ja-tiedeme\">messuohjelman l\u00f6yd\u00e4t t\u00e4\u00e4lt\u00e4<\/a>.<\/p>\n<p>Messut ovat avoinna perjantaina 4.10. klo 10-18, lauantaina 5.10. klo 10-18 ja sunnuntaina 6.10 klo 10-17. Aikuisten lippu maksaa 15 euroa, mutta lapset, el\u00e4kel\u00e4iset, opiskelijat ja ryhm\u00e4t p\u00e4\u00e4sev\u00e4t halvemmalla. Samalla lipulla p\u00e4\u00e4see my\u00f6s Ruoka- ja viinimessuille sek\u00e4 Tiedemessuille, jotka j\u00e4rjestet\u00e4\u00e4n samoissa tiloissa samaan aikaan.<\/p>\n","protected":false},"excerpt":{"rendered":"<p>Vuoden 2013 Turun kirjamessut ovat yleis\u00f6lle avoinna perjantaista 4.10. sunnuntaihin 6.10. Tapahtumapaikkana on Turun messu- ja kongressikeskus Artukaisissa. Kolmeen p\u00e4iv\u00e4\u00e4n mahtuu runsas ohjelma, jota py\u00f6ritet\u00e4\u00e4n per\u00e4ti 11 esiintymispaikalla messuhallissa. Vuoden teemat Turussa ovat USA ja Somero.<\/p>\n<p><img loading=\"lazy\" decoding=\"async\" src=\"http:\/\/farm8.staticflickr.com\/7334\/10065633063_fedc4b1e19.jpg\" width=\"500\" height=\"375\" alt=\"Kirjamessut, yleis\u00f6\u00e4\"><\/p>\n","protected":false},"author":1,"featured_media":0,"comment_status":"open","ping_status":"open","sticky":false,"template":"","format":"standard","meta":{"footnotes":""},"categories":[1],"tags":[],"class_list":["post-1931","post","type-post","status-publish","format-standard","hentry","category-yleinen"],"_links":{"self":[{"href":"https:\/\/klaava.fi\/index.php?rest_route=\/wp\/v2\/posts\/1931","targetHints":{"allow":["GET"]}}],"collection":[{"href":"https:\/\/klaava.fi\/index.php?rest_route=\/wp\/v2\/posts"}],"about":[{"href":"https:\/\/klaava.fi\/index.php?rest_route=\/wp\/v2\/types\/post"}],"author":[{"embeddable":true,"href":"https:\/\/klaava.fi\/index.php?rest_route=\/wp\/v2\/users\/1"}],"replies":[{"embeddable":true,"href":"https:\/\/klaava.fi\/index.php?rest_route=%2Fwp%2Fv2%2Fcomments&post=1931"}],"version-history":[{"count":0,"href":"https:\/\/klaava.fi\/index.php?rest_route=\/wp\/v2\/posts\/1931\/revisions"}],"wp:attachment":[{"href":"https:\/\/klaava.fi\/index.php?rest_route=%2Fwp%2Fv2%2Fmedia&parent=1931"}],"wp:term":[{"taxonomy":"category","embeddable":true,"href":"https:\/\/klaava.fi\/index.php?rest_route=%2Fwp%2Fv2%2Fcategories&post=1931"},{"taxonomy":"post_tag","embeddable":true,"href":"https:\/\/klaava.fi\/index.php?rest_route=%2Fwp%2Fv2%2Ftags&post=1931"}],"curies":[{"name":"wp","href":"https:\/\/api.w.org\/{rel}","templated":true}]}}