{"id":1937,"date":"2013-10-13T10:54:59","date_gmt":"2013-10-13T07:54:59","guid":{"rendered":"https:\/\/klaava.fi\/?p=1937"},"modified":"2013-10-13T10:54:59","modified_gmt":"2013-10-13T07:54:59","slug":"teemamaa-brasilian-nayttava-design-halli-frankfurtin-kirjamessuilla","status":"publish","type":"post","link":"https:\/\/klaava.fi\/?p=1937","title":{"rendered":"Teemamaa Brasilian n\u00e4ytt\u00e4v\u00e4 design-halli Frankfurtin kirjamessuilla"},"content":{"rendered":"<p>Frankfurtin kirjamessut ovat maailman suurin kirja-alan tapahtuma. P\u00e4\u00e4asiassa alan ammattilaisille suunnattu tapahtuma nostaa joka vuosi yhden maan kirjallisuuden erityisen n\u00e4kyv\u00e4sti esille. Vuonna 2013 teemamaa oli Brasilia, joka sai kokonaisen hallin k\u00e4ytt\u00f6\u00f6ns\u00e4. Kuvagalleriamme kertoo miten Brasilia vakuutti &#8211; tai j\u00e4tti vakuuttamatta &#8211; k\u00e4vij\u00f6it\u00e4 kirjallisuutensa ainutlaatuisuudesta.<\/p>\n<p><img loading=\"lazy\" decoding=\"async\" src=\"http:\/\/farm8.staticflickr.com\/7342\/10242834435_21328b7e04.jpg\" width=\"500\" height=\"375\" title=\"Frankfurtin kirjamessut 2013 Brasilian osasto\" alt=\"Frankfurtin kirjamessut 2013 Brasilian osasto\"><\/p>\n<p>Vuonna 2014 kotimaisella kirja-alalla on ainutkertainen mahdollisuus saada maailma kiinnostumaan suomalaisesta kirjallisuudesta. Lokakuussa 2014 Frankfurtin kirjamessujen teemamaana on Suomi. Tilaisuus ei toistu, joten koko Suomen kirja-ala odottaa messuilta merkitt\u00e4v\u00e4\u00e4 positiivista vaikutusta kaiken kotimaisen kirjallisuuden vientimahdollisuuksiin.<\/p>\n<p>Kuvia Brasilian osastolta Frankfurtin kirjamessuilta 2013:<\/p>\n<p><a href=\"http:\/\/www.flickr.com\/photos\/klaava\/10242840875\/\" title=\"Frankfurtin kirjamessut 2013 Brasilian osasto by Klaava.fi, on Flickr\"><img loading=\"lazy\" decoding=\"async\" src=\"http:\/\/farm8.staticflickr.com\/7308\/10242840875_fc01819d50.jpg\" width=\"500\" height=\"363\" alt=\"Frankfurtin kirjamessut 2013 Brasilian osasto\"><\/a><\/p>\n<p><a href=\"http:\/\/www.flickr.com\/photos\/klaava\/10242821556\/\" title=\"Frankfurtin kirjamessut 2013 Brasilian osasto by Klaava.fi, on Flickr\"><img loading=\"lazy\" decoding=\"async\" src=\"http:\/\/farm4.staticflickr.com\/3787\/10242821556_ce0708165e.jpg\" width=\"500\" height=\"375\" alt=\"Frankfurtin kirjamessut 2013 Brasilian osasto\"><\/a><\/p>\n<p><a href=\"http:\/\/www.flickr.com\/photos\/klaava\/10242907393\/\" title=\"Frankfurtin kirjamessut 2013 Brasilian osasto by Klaava.fi, on Flickr\"><img loading=\"lazy\" decoding=\"async\" src=\"http:\/\/farm8.staticflickr.com\/7381\/10242907393_2de91d099c.jpg\" width=\"500\" height=\"363\" alt=\"Frankfurtin kirjamessut 2013 Brasilian osasto\"><\/a><\/p>\n<p><a href=\"http:\/\/www.flickr.com\/photos\/klaava\/10242913123\/\" title=\"Frankfurtin kirjamessut 2013 Brasilian osasto by Klaava.fi, on Flickr\"><img loading=\"lazy\" decoding=\"async\" src=\"http:\/\/farm4.staticflickr.com\/3769\/10242913123_2384bba53d.jpg\" width=\"500\" height=\"375\" alt=\"Frankfurtin kirjamessut 2013 Brasilian osasto\"><\/a><\/p>\n<p><a href=\"http:\/\/www.flickr.com\/photos\/klaava\/10242914533\/\" title=\"Frankfurtin kirjamessut 2013 Brasilian osasto by Klaava.fi, on Flickr\"><img loading=\"lazy\" decoding=\"async\" src=\"http:\/\/farm8.staticflickr.com\/7437\/10242914533_38c4406b78.jpg\" width=\"500\" height=\"375\" alt=\"Frankfurtin kirjamessut 2013 Brasilian osasto\"><\/a><\/p>\n<p><a href=\"http:\/\/www.flickr.com\/photos\/klaava\/10242837045\/\" title=\"Frankfurtin kirjamessut 2013 Brasilian osasto by Klaava.fi, on Flickr\"><img loading=\"lazy\" decoding=\"async\" src=\"http:\/\/farm3.staticflickr.com\/2891\/10242837045_53dc0304a1.jpg\" width=\"375\" height=\"500\" alt=\"Frankfurtin kirjamessut 2013 Brasilian osasto\"><\/a><\/p>\n<p><a href=\"http:\/\/www.flickr.com\/photos\/klaava\/sets\/72157636494159076\/\">Frankfurtin 2013 kirjamessujen koko kuvagalleria Flickr-kuvapalvelussa<\/a>.<\/p>\n","protected":false},"excerpt":{"rendered":"<p>Frankfurtin kirjamessut ovat maailman suurin kirja-alan tapahtuma. P\u00e4\u00e4asiassa alan ammattilaisille suunnattu tapahtuma nostaa joka vuosi yhden maan kirjallisuuden erityisen n\u00e4kyv\u00e4sti esille. Vuonna 2013 teemamaa oli Brasilia, joka sai kokonaisen hallin k\u00e4ytt\u00f6\u00f6ns\u00e4. Kuvagalleriamme kertoo miten Brasilia vakuutti &#8211; tai j\u00e4tti vakuuttamatta &#8211; k\u00e4vij\u00f6it\u00e4 kirjallisuutensa ainutlaatuisuudesta.<\/p>\n<p><img loading=\"lazy\" decoding=\"async\" src=\"http:\/\/farm8.staticflickr.com\/7342\/10242834435_21328b7e04.jpg\" width=\"500\" height=\"375\" title=\"Frankfurtin kirjamessut 2013 Brasilian osasto\" alt=\"Frankfurtin kirjamessut 2013 Brasilian osasto\"><\/p>\n","protected":false},"author":1,"featured_media":0,"comment_status":"open","ping_status":"open","sticky":false,"template":"","format":"standard","meta":{"footnotes":""},"categories":[1],"tags":[],"class_list":["post-1937","post","type-post","status-publish","format-standard","hentry","category-yleinen"],"_links":{"self":[{"href":"https:\/\/klaava.fi\/index.php?rest_route=\/wp\/v2\/posts\/1937","targetHints":{"allow":["GET"]}}],"collection":[{"href":"https:\/\/klaava.fi\/index.php?rest_route=\/wp\/v2\/posts"}],"about":[{"href":"https:\/\/klaava.fi\/index.php?rest_route=\/wp\/v2\/types\/post"}],"author":[{"embeddable":true,"href":"https:\/\/klaava.fi\/index.php?rest_route=\/wp\/v2\/users\/1"}],"replies":[{"embeddable":true,"href":"https:\/\/klaava.fi\/index.php?rest_route=%2Fwp%2Fv2%2Fcomments&post=1937"}],"version-history":[{"count":0,"href":"https:\/\/klaava.fi\/index.php?rest_route=\/wp\/v2\/posts\/1937\/revisions"}],"wp:attachment":[{"href":"https:\/\/klaava.fi\/index.php?rest_route=%2Fwp%2Fv2%2Fmedia&parent=1937"}],"wp:term":[{"taxonomy":"category","embeddable":true,"href":"https:\/\/klaava.fi\/index.php?rest_route=%2Fwp%2Fv2%2Fcategories&post=1937"},{"taxonomy":"post_tag","embeddable":true,"href":"https:\/\/klaava.fi\/index.php?rest_route=%2Fwp%2Fv2%2Ftags&post=1937"}],"curies":[{"name":"wp","href":"https:\/\/api.w.org\/{rel}","templated":true}]}}