{"id":2057,"date":"2014-04-04T10:02:49","date_gmt":"2014-04-04T07:02:49","guid":{"rendered":"https:\/\/klaava.fi\/?p=2057"},"modified":"2014-04-04T10:02:49","modified_gmt":"2014-04-04T07:02:49","slug":"historiallinen-hetki-kirjallisuudessa-ensimmaiset-e-kirjamessut-23-4-2014","status":"publish","type":"post","link":"https:\/\/klaava.fi\/?p=2057","title":{"rendered":"Historiallinen hetki kirjallisuudessa: ensimm\u00e4iset e-kirjamessut 23.4.2014"},"content":{"rendered":"<p>Kirjojen yst\u00e4v\u00e4t k\u00e4yv\u00e4t mielell\u00e4\u00e4n kirjamessuilla kuuntelemassa kirjailijoiden haastatteluja ja selaamassa tarjouskirjojen pinoja. E-kirjoihin hurahtaneet ovat jo pitk\u00e4\u00e4n pohtineet miten s\u00e4hk\u00f6ist\u00e4 kirjallisuutta voisi tuoda esiin mukavassa messuilmapiiriss\u00e4. Nyt t\u00e4m\u00e4kin ongelma on ratkaistu, sill\u00e4 23.4.2014 j\u00e4rjestet\u00e4\u00e4n Suomen ensimm\u00e4iset e-kirjamessut.<\/p>\n<p><img decoding=\"async\" src=\"https:\/\/klaava.fi\/media\/huh-kes-2014\/frankfurt-messut-sininensohva-crop.jpg\" alt=\"kirjamessut, kirjailijan haastattelu\" \/><\/p>\n<p><a href=\"http:\/\/www.ekirjamessut.fi\/\">E-kirjamessuilla<\/a> keskityt\u00e4\u00e4n kirjailijoiden haastatteluihin, jotka l\u00e4hetet\u00e4\u00e4n suorana verkkoon katseltavaksi. Messut aloittaa vahvasti mm. Outi Pakkasen ja Jarkko Sipil\u00e4n haastatteluilla. Muita messuilla esiintyvi\u00e4 kirjallisuusihmisi\u00e4 ovat esimerkiksi Tuomo Pietil\u00e4inen (Wahlroos: ep\u00e4virallinen el\u00e4m\u00e4kerta), Marja Hjelt (HelMet-kirjaston s\u00e4hk\u00f6iset palvelut) ja <a href=\"https:\/\/klaava.fi\/node\/2003\">H-P Virkki<\/a> (Action! Stuntkohtausten suunnittelu ja kuvaus).<\/p>\n<p>Koko <a href=\"http:\/\/www.ekirjamessut.fi\/p\/ohjelma-2342014.html\">e-kirjamessujen ohjelman l\u00f6yd\u00e4t t\u00e4\u00e4lt\u00e4<\/a>.<\/p>\n<p>E-kirjamessut kirjan ja ruusun p\u00e4iv\u00e4n\u00e4 23.4.2014 klo 11.30 \u2013 16.00 verkossa. Linkit suoraan l\u00e4hetykseen ilmestyv\u00e4t e-kirjamessujen kotisivulle, ja haastattelut taltioidaan my\u00f6s j\u00e4lkik\u00e4teen katsottaviksi.<\/p>\n","protected":false},"excerpt":{"rendered":"<p>Kirjojen yst\u00e4v\u00e4t k\u00e4yv\u00e4t mielell\u00e4\u00e4n kirjamessuilla kuuntelemassa kirjailijoiden haastatteluja ja selaamassa tarjouskirjojen pinoja. E-kirjoihin hurahtaneet ovat jo pitk\u00e4\u00e4n pohtineet miten s\u00e4hk\u00f6ist\u00e4 kirjallisuutta voisi tuoda esiin mukavassa messuilmapiiriss\u00e4. Nyt t\u00e4m\u00e4kin ongelma on ratkaistu, sill\u00e4 23.4.2014 j\u00e4rjestet\u00e4\u00e4n Suomen ensimm\u00e4iset e-kirjamessut.<\/p>\n<p><img decoding=\"async\" src=\"https:\/\/klaava.fi\/media\/huh-kes-2014\/frankfurt-messut-sininensohva-crop.jpg\" alt=\"kirjamessut, kirjailijan haastattelu\" \/><\/p>\n","protected":false},"author":1,"featured_media":0,"comment_status":"open","ping_status":"open","sticky":false,"template":"","format":"standard","meta":{"footnotes":""},"categories":[1],"tags":[],"class_list":["post-2057","post","type-post","status-publish","format-standard","hentry","category-yleinen"],"_links":{"self":[{"href":"https:\/\/klaava.fi\/index.php?rest_route=\/wp\/v2\/posts\/2057","targetHints":{"allow":["GET"]}}],"collection":[{"href":"https:\/\/klaava.fi\/index.php?rest_route=\/wp\/v2\/posts"}],"about":[{"href":"https:\/\/klaava.fi\/index.php?rest_route=\/wp\/v2\/types\/post"}],"author":[{"embeddable":true,"href":"https:\/\/klaava.fi\/index.php?rest_route=\/wp\/v2\/users\/1"}],"replies":[{"embeddable":true,"href":"https:\/\/klaava.fi\/index.php?rest_route=%2Fwp%2Fv2%2Fcomments&post=2057"}],"version-history":[{"count":0,"href":"https:\/\/klaava.fi\/index.php?rest_route=\/wp\/v2\/posts\/2057\/revisions"}],"wp:attachment":[{"href":"https:\/\/klaava.fi\/index.php?rest_route=%2Fwp%2Fv2%2Fmedia&parent=2057"}],"wp:term":[{"taxonomy":"category","embeddable":true,"href":"https:\/\/klaava.fi\/index.php?rest_route=%2Fwp%2Fv2%2Fcategories&post=2057"},{"taxonomy":"post_tag","embeddable":true,"href":"https:\/\/klaava.fi\/index.php?rest_route=%2Fwp%2Fv2%2Ftags&post=2057"}],"curies":[{"name":"wp","href":"https:\/\/api.w.org\/{rel}","templated":true}]}}