{"id":2075,"date":"2014-04-24T09:39:13","date_gmt":"2014-04-24T06:39:13","guid":{"rendered":"https:\/\/klaava.fi\/?p=2075"},"modified":"2014-04-24T09:39:13","modified_gmt":"2014-04-24T06:39:13","slug":"e-kirjamessut-oli-onnistunut-uusi-tapahtuma-verkossa-katso-minkalaista-oli-paikan-paalla","status":"publish","type":"post","link":"https:\/\/klaava.fi\/?p=2075","title":{"rendered":"E-kirjamessut oli onnistunut uusi tapahtuma verkossa \u2013 katso mink\u00e4laista oli paikan p\u00e4\u00e4ll\u00e4"},"content":{"rendered":"<p>Ensimm\u00e4iset e-kirjamessut Suomessa pidettiin Kirjan ja ruusun p\u00e4iv\u00e4n\u00e4 23.4.2014 verkkotapahtumana. Tilaisuuden lukuisia kirja-alan ihmisten haastatteluja saattoi internetin kautta seurata miss\u00e4 tahansa Suomessa tai ulkomailla. Paikan p\u00e4\u00e4ll\u00e4 Helsingin Lasipalatsissa Elisan Studiossa oli silti kuhinaa haastateltavien ja muiden alan ihmisten tavatessa toisiaan.<\/p>\n<p><img decoding=\"async\" src=\"https:\/\/klaava.fi\/media\/omat-2014\/ekirjamessut-hpvirkki-haastateltavana2-crop.jpg\" alt=\"e-kirjamessut, H-P Virkki ja Virpi Kotro\" width=\"520\" \/><br \/>\n<i>Kuvassa H-P Virkki ja Virpi Kotro<\/i>.<\/p>\n<p>Kaikki <a href=\"http:\/\/wms.magneetto.com\/ekirja\/2014_0423_ekirjamessut\/view\">e-kirjamessujen haastatteluvideot ovat katsottavissa my\u00f6s  j\u00e4lkik\u00e4teen<\/a>.  Itse <a href=\"http:\/\/www.ekirjamessut.fi\/\">messujen kotisivut l\u00f6ytyv\u00e4t t\u00e4\u00e4lt\u00e4<\/a>.<\/p>\n<p><img decoding=\"async\" src=\"https:\/\/klaava.fi\/media\/omat-2014\/ekirjamessut-haastattelutila-crop.jpg\" alt=\"e-kirjamessut, Jukka Saksi ja Virpi Kotro\" width=\"520\" \/><br \/>\n<i>Haastateltavana Jukka Saksi<\/i>.<\/p>\n<p><img decoding=\"async\" src=\"https:\/\/klaava.fi\/media\/omat-2014\/ekirjamessut-elisastudio-tila-crop.jpg\" alt=\"e-kirjamessut, Elisa Studio\" width=\"520\" \/><br \/>\n<i>Elisa Studion tiloja<\/i>.<\/p>\n<p><img decoding=\"async\" src=\"https:\/\/klaava.fi\/media\/omat-2014\/ekirjamessut-hpvirkki-valokuvassa2-1024.jpg\" alt=\"e-kirjamessut, H-P Virkki ja toimittaja kuvaa\" width=\"520\" \/><\/p>\n<p><img decoding=\"async\" src=\"https:\/\/klaava.fi\/media\/omat-2014\/ekirjamessut-hpvirkki-virpikotro-miksauspoyta2-1024.jpg\" alt=\"e-kirjamessut, miksausp\u00f6yt\u00e4, H-P Virkki ja Virpi Kotro\" width=\"520\" \/><\/p>\n","protected":false},"excerpt":{"rendered":"<p>Ensimm\u00e4iset e-kirjamessut Suomessa pidettiin Kirjan ja ruusun p\u00e4iv\u00e4n\u00e4 23.4.2014 verkkotapahtumana. Tilaisuuden lukuisia kirja-alan ihmisten haastatteluja saattoi internetin kautta seurata miss\u00e4 tahansa Suomessa tai ulkomailla. Paikan p\u00e4\u00e4ll\u00e4 Helsingin Lasipalatsissa Elisan Studiossa oli silti kuhinaa haastateltavien ja muiden alan ihmisten tavatessa toisiaan.<\/p>\n<p><img decoding=\"async\" src=\"https:\/\/klaava.fi\/media\/omat-2014\/ekirjamessut-hpvirkki-haastateltavana2-crop.jpg\" alt=\"e-kirjamessut, H-P Virkki ja Virpi Kotro\" width=\"520\" \/><br \/>\n<i>Kuvassa H-P Virkki ja Virpi Kotro<\/i>.<\/p>\n","protected":false},"author":1,"featured_media":0,"comment_status":"open","ping_status":"open","sticky":false,"template":"","format":"standard","meta":{"footnotes":""},"categories":[1],"tags":[],"class_list":["post-2075","post","type-post","status-publish","format-standard","hentry","category-yleinen"],"_links":{"self":[{"href":"https:\/\/klaava.fi\/index.php?rest_route=\/wp\/v2\/posts\/2075","targetHints":{"allow":["GET"]}}],"collection":[{"href":"https:\/\/klaava.fi\/index.php?rest_route=\/wp\/v2\/posts"}],"about":[{"href":"https:\/\/klaava.fi\/index.php?rest_route=\/wp\/v2\/types\/post"}],"author":[{"embeddable":true,"href":"https:\/\/klaava.fi\/index.php?rest_route=\/wp\/v2\/users\/1"}],"replies":[{"embeddable":true,"href":"https:\/\/klaava.fi\/index.php?rest_route=%2Fwp%2Fv2%2Fcomments&post=2075"}],"version-history":[{"count":0,"href":"https:\/\/klaava.fi\/index.php?rest_route=\/wp\/v2\/posts\/2075\/revisions"}],"wp:attachment":[{"href":"https:\/\/klaava.fi\/index.php?rest_route=%2Fwp%2Fv2%2Fmedia&parent=2075"}],"wp:term":[{"taxonomy":"category","embeddable":true,"href":"https:\/\/klaava.fi\/index.php?rest_route=%2Fwp%2Fv2%2Fcategories&post=2075"},{"taxonomy":"post_tag","embeddable":true,"href":"https:\/\/klaava.fi\/index.php?rest_route=%2Fwp%2Fv2%2Ftags&post=2075"}],"curies":[{"name":"wp","href":"https:\/\/api.w.org\/{rel}","templated":true}]}}