{"id":2144,"date":"2014-08-22T08:10:00","date_gmt":"2014-08-22T05:10:00","guid":{"rendered":"https:\/\/klaava.fi\/?p=2144"},"modified":"2014-08-22T08:10:00","modified_gmt":"2014-08-22T05:10:00","slug":"maailmanlaajuisen-kirjastojarjeston-johtaja-sinikka-sipila-tekijanoikeudet-taytyy-uudistaa","status":"publish","type":"post","link":"https:\/\/klaava.fi\/?p=2144","title":{"rendered":"Maailmanlaajuisen kirjastoj\u00e4rjest\u00f6n johtaja Sinikka Sipil\u00e4: tekij\u00e4noikeudet t\u00e4ytyy uudistaa"},"content":{"rendered":"<p>Kirjastojen kansainv\u00e4linen kattoj\u00e4rjest\u00f6 IFLA (The International Federation of Library Associations and Institutions) pit\u00e4\u00e4 maailman kirjastojen kongressia Lyonissa Ranskassa, jossa j\u00e4rjest\u00f6n presidentti Sinikka Sipil\u00e4 on ottanut kantaa tekij\u00e4noikeuksiin. H\u00e4n kertoi tekij\u00e4noikeuksien olevan este kirjastojen ja arkistojen ty\u00f6lle ja ajavansa tekij\u00e4noikeuss\u00e4\u00e4d\u00f6sten reformia. <\/p>\n<p><img decoding=\"async\" src=\"https:\/\/klaava.fi\/media\/2014-kuvat\/sinikkasipila-ccc.jpg\" alt=\"Sinikka Sipila \/ IFLA, ActuaLitt\u00e9, CC BY 2.0\" \/><br \/>\n<i>Sinikka Sipil\u00e4. Kuva: ActuaLitt\u00e9, CC BY 2.0<\/i>.<\/p>\n<p>Kirjastojen kattoj\u00e4rjest\u00f6 IFLA aikoo syyskuussa 2014 ottaa tekij\u00e4noikeuksien reformin esiin my\u00f6s WIPOn (World Intellectual Property Organization) maailmanlaajuisen tekij\u00e4inoikeusorganisaation kokuksessa. Sipil\u00e4 kertoi Lyonissa elokuun 21.8.2014: &#8221;Jatkamme hallitusten ja WIPOn lobbaamista t\u00e4m\u00e4n asian vuoksi. Mik\u00e4li haluamme jatkaa kirjastojen ja arkistojen ty\u00f6t\u00e4, ei ole muuta tapaa saada sit\u00e4 aikaiseksi. Tekij\u00e4noikeuksien on uudistuttava.&#8221;<\/p>\n<p>Kirjastojen muuttuminen s\u00e4hk\u00f6isten teosten ja niist\u00e4 koostuvien kokoelmien hallinnoijiksi on toinen ajankohtainen kirjastojen kehityst\u00e4 vaivaava asia. Sipil\u00e4: &#8221;Kirjastot ja IFLA tarvitsevat kattavan ja yhten\u00e4isen kokoelmien hallinnan mallin. T\u00e4m\u00e4n eteen teemme ty\u00f6t\u00e4, koska nykyiset mallit ovat liian rajoittavia, ja meid\u00e4n on keskusteltava sen mahdollisesta kehitt\u00e4misest\u00e4.&#8221;<\/p>\n<p><a href=\"https:\/\/www.actualitte.com\/bibliotheques\/ifla-une-reforme-du-copyright-est-necessaire-sinikka-sipila-52103.htm\">Actualitte oli paikalla Lyonissa raportoimassa<\/a> kirjastojen World Congress -kokouksesta.<\/p>\n<p><a href=\"http:\/\/www.ifla.org\/node\/8619\">IFLAn tekij\u00e4noikeuksia koskevien vaatimusten p\u00e4\u00e4kohdat<\/a> ovat tiivistettyn\u00e4:<\/p>\n<p>1. Avointa, kansainv\u00e4list\u00e4 huippututkimusta on edistett\u00e4v\u00e4. Esimerkiksi open access \u2013lisensointi on t\u00e4rke\u00e4ss\u00e4 asemassa tutkimustiedon jakamisessa.<\/p>\n<p>2. Tulevien tutkijoiden p\u00e4\u00e4sy s\u00e4hk\u00f6iseen perint\u00f6\u00f6mme on varmistettava. 70% tutkimustiedosta on lukittu kaupallisten tai muiden rajoitusten taakse.<\/p>\n<p>3. Euroopan kulttuuriperint\u00f6 tulee olla maailmanlaajuisesti saatavilla. Euroopan kirjastojen ja arkistojen tulisi avata kokoelmansa verkkoon.<\/p>\n<p>4. Tekij\u00e4noikeuksien maakohtaiset rajoitukset ovat turhauttavia. V\u00e4hint\u00e4\u00e4n EU:n alueella asia olisi korjattavissa.<\/p>\n<p>5. Kansainv\u00e4linen tekij\u00e4noikeusmalli ei toimi. Kirjastot, arkistot ja tutkimuslaitokset eiv\u00e4t p\u00e4\u00e4se tietoon k\u00e4siksi, varsinkaan jos v\u00e4liss\u00e4 on maiden rajoja.<\/p>\n","protected":false},"excerpt":{"rendered":"<p>Kirjastojen kansainv\u00e4linen kattoj\u00e4rjest\u00f6 IFLA (The International Federation of Library Associations and Institutions) pit\u00e4\u00e4 maailman kirjastojen kongressia Lyonissa Ranskassa, jossa j\u00e4rjest\u00f6n presidentti Sinikka Sipil\u00e4 on ottanut kantaa tekij\u00e4noikeuksiin. H\u00e4n kertoi tekij\u00e4noikeuksien olevan este kirjastojen ja arkistojen ty\u00f6lle ja ajavansa tekij\u00e4noikeuss\u00e4\u00e4d\u00f6sten reformia. <\/p>\n<p><img decoding=\"async\" src=\"https:\/\/klaava.fi\/media\/2014-kuvat\/sinikkasipila-ccc.jpg\" alt=\"Sinikka Sipila \/ IFLA, ActuaLitt\u00e9, CC BY 2.0\" \/><br \/>\n<i>Sinikka Sipil\u00e4. Kuva: ActuaLitt\u00e9, CC BY 2.0<\/i>.<\/p>\n","protected":false},"author":1,"featured_media":0,"comment_status":"open","ping_status":"open","sticky":false,"template":"","format":"standard","meta":{"footnotes":""},"categories":[1],"tags":[],"class_list":["post-2144","post","type-post","status-publish","format-standard","hentry","category-yleinen"],"_links":{"self":[{"href":"https:\/\/klaava.fi\/index.php?rest_route=\/wp\/v2\/posts\/2144","targetHints":{"allow":["GET"]}}],"collection":[{"href":"https:\/\/klaava.fi\/index.php?rest_route=\/wp\/v2\/posts"}],"about":[{"href":"https:\/\/klaava.fi\/index.php?rest_route=\/wp\/v2\/types\/post"}],"author":[{"embeddable":true,"href":"https:\/\/klaava.fi\/index.php?rest_route=\/wp\/v2\/users\/1"}],"replies":[{"embeddable":true,"href":"https:\/\/klaava.fi\/index.php?rest_route=%2Fwp%2Fv2%2Fcomments&post=2144"}],"version-history":[{"count":0,"href":"https:\/\/klaava.fi\/index.php?rest_route=\/wp\/v2\/posts\/2144\/revisions"}],"wp:attachment":[{"href":"https:\/\/klaava.fi\/index.php?rest_route=%2Fwp%2Fv2%2Fmedia&parent=2144"}],"wp:term":[{"taxonomy":"category","embeddable":true,"href":"https:\/\/klaava.fi\/index.php?rest_route=%2Fwp%2Fv2%2Fcategories&post=2144"},{"taxonomy":"post_tag","embeddable":true,"href":"https:\/\/klaava.fi\/index.php?rest_route=%2Fwp%2Fv2%2Ftags&post=2144"}],"curies":[{"name":"wp","href":"https:\/\/api.w.org\/{rel}","templated":true}]}}