{"id":2168,"date":"2014-10-03T10:32:42","date_gmt":"2014-10-03T07:32:42","guid":{"rendered":"https:\/\/klaava.fi\/?p=2168"},"modified":"2014-10-03T10:32:42","modified_gmt":"2014-10-03T07:32:42","slug":"suomi-teemamaana-maailman-suurimmilla-kirjamessuilla-frankfurtissa-8-12-10-2014","status":"publish","type":"post","link":"https:\/\/klaava.fi\/?p=2168","title":{"rendered":"Suomi teemamaana maailman suurimmilla kirjamessuilla Frankfurtissa 8-12.10.2014"},"content":{"rendered":"<p>T\u00e4m\u00e4 on tapahtuma, jonka kirja-alan ihmiset voivat kokea vain kerran uransa aikana: Suomi on teemamaana (kunniavieraana &#8211; The Guest of Honor) maailman suurimmilla vuosittaisilla kirjamessuilla. T\u00e4m\u00e4n vuoden messut j\u00e4rjestet\u00e4\u00e4n Frankfurtissa Saksassa 8-12.10.2014. Tapahtumaa on valmisteltu vuosia, ja Suomen kirjallisuus onkin esill\u00e4 monessa paikassa ja monella tapaa. Katsotaan mit\u00e4 Frankfurtin messuilla on odotettavissa.<\/p>\n<p><img decoding=\"async\" src=\"https:\/\/klaava.fi\/media\/omat-2014\/frankfurt-messut-teemahalli-edit-1024.jpg\" width=\"550\" alt=\"Frankfurtin messualue, teemahalli\" \/> <\/p>\n<p>Teemamaa saa Frankfurtissa kokonaisen messuhallin, jonka maa sisustaa ja k\u00e4ytt\u00e4\u00e4 kuten parhaaksi katsoo. T\u00e4m\u00e4 paviljongiksi kutsuttu halli on t\u00e4rke\u00e4 teemamaan kannalta, sill\u00e4 se viestitt\u00e4\u00e4 sadoille tuhansille ymp\u00e4ri maailmaa saapuville messuvieraille maan mielikuvaa. L\u00e4hes jokainen messuk\u00e4vij\u00e4 tuleekin katsomaan mink\u00e4lainen design-ihme paviljongissa kunakin vuonna on, ja pys\u00e4htyy mahdollisesti kuuntelemaan my\u00f6s puheenvuoroja.<\/p>\n<p>Paviljongissa on esill\u00e4 my\u00f6s kirjoja ja esiintymisten aikana tavattavissa on my\u00f6s kirjailijoita. Yksi Suomen paviljongissa esill\u00e4 olevista kirjoista on <a href=\"https:\/\/klaava.fi\/node\/1749\">Russell Snyderin The Lighter Side of Finland<\/a>. Paviljongissa esiintyv\u00e4t kirjailijat ovat kaunokirjallisuuden ja rikoskirjallisuuden tuttuja nimi\u00e4, esimerkiksi Katja Kettu, Tuomas Kyr\u00f6, Mauri Kunnas, Matti R\u00f6nk\u00e4, Johanna Sinisalo, Taavi Soininvaara ja Kjell West\u00f6. Kaikki 60 paviljongissa esiintyv\u00e4t <a href=\"http:\/\/finnlandcool.fi\/finnlandcool\/hallinta\/wp-content\/uploads\/2014\/09\/04_60-Authors-in-Frankfurt.pdf\">kirjailijat l\u00f6ytyv\u00e4t t\u00e4\u00e4lt\u00e4<\/a>.<\/p>\n<p>Paviljonki ei kuitenkaan ole ainoa paikka miss\u00e4 tapahtuu jotakin Suomeen liittyv\u00e4\u00e4 messujen aikana. Kirjailijat esiintyv\u00e4t Frankfurtin kirjastoissa, kirjakaupoissa, kirkoissa, monessa muussa paikassa ja lukuisilla eri messuosastoilla (paviljongin lis\u00e4ksi). N\u00e4it\u00e4 tapahtumia on satoja messujen aikana. Kaikki <a href=\"http:\/\/finnlandcool.fi\/finnlandcool\/hallinta\/wp-content\/uploads\/2013\/09\/Finnland.Messeprogramm.pdf\">tapahtumat on listattu t\u00e4\u00e4ll\u00e4<\/a>.<\/p>\n<p>Suomalaisia kustantajilla on vuonna 2014 messuosastoja kymmeni\u00e4, kun niit\u00e4 normaalisti Frankfurtin messuilla ei montakaan ole. Yksi messuosastoista on Helsingin kaupungin esittelytila Agora-alueella, jossa on esill\u00e4 my\u00f6s Russell Snyderin kirja <a href=\"https:\/\/klaava.fi\/node\/1749\">The Lighter Side of Finland<\/a>.<\/p>\n<p>Suomen messuohjelman kaikki yksityiskohdat <a href=\"http:\/\/finnlandcool.fi\/\">Finnland. Cool.<\/a> \u2013sivuilla.<\/p>\n<p><img decoding=\"async\" src=\"https:\/\/klaava.fi\/media\/omat-2014\/frankfurt-messut-agenttialue-edit-1024.jpg\"  alt=\"Frankfurtin messut, yksi kerros yhdess\u00e4 messuhallissa\" width=\"550\" \/> <\/p>\n","protected":false},"excerpt":{"rendered":"<p>T\u00e4m\u00e4 on tapahtuma, jonka kirja-alan ihmiset voivat kokea vain kerran uransa aikana: Suomi on teemamaana (kunniavieraana &#8211; The Guest of Honor) maailman suurimmilla vuosittaisilla kirjamessuilla. T\u00e4m\u00e4n vuoden messut j\u00e4rjestet\u00e4\u00e4n Frankfurtissa Saksassa 8-12.10.2014. Tapahtumaa on valmisteltu vuosia, ja Suomen kirjallisuus onkin esill\u00e4 monessa paikassa ja monella tapaa. Katsotaan mit\u00e4 Frankfurtin messuilla on odotettavissa.<\/p>\n<p><img decoding=\"async\" src=\"https:\/\/klaava.fi\/media\/omat-2014\/frankfurt-messut-teemahalli-edit-1024.jpg\" width=\"550\" alt=\"Frankfurtin messualue, teemahalli\" \/> <\/p>\n","protected":false},"author":1,"featured_media":0,"comment_status":"open","ping_status":"open","sticky":false,"template":"","format":"standard","meta":{"footnotes":""},"categories":[1],"tags":[],"class_list":["post-2168","post","type-post","status-publish","format-standard","hentry","category-yleinen"],"_links":{"self":[{"href":"https:\/\/klaava.fi\/index.php?rest_route=\/wp\/v2\/posts\/2168","targetHints":{"allow":["GET"]}}],"collection":[{"href":"https:\/\/klaava.fi\/index.php?rest_route=\/wp\/v2\/posts"}],"about":[{"href":"https:\/\/klaava.fi\/index.php?rest_route=\/wp\/v2\/types\/post"}],"author":[{"embeddable":true,"href":"https:\/\/klaava.fi\/index.php?rest_route=\/wp\/v2\/users\/1"}],"replies":[{"embeddable":true,"href":"https:\/\/klaava.fi\/index.php?rest_route=%2Fwp%2Fv2%2Fcomments&post=2168"}],"version-history":[{"count":0,"href":"https:\/\/klaava.fi\/index.php?rest_route=\/wp\/v2\/posts\/2168\/revisions"}],"wp:attachment":[{"href":"https:\/\/klaava.fi\/index.php?rest_route=%2Fwp%2Fv2%2Fmedia&parent=2168"}],"wp:term":[{"taxonomy":"category","embeddable":true,"href":"https:\/\/klaava.fi\/index.php?rest_route=%2Fwp%2Fv2%2Fcategories&post=2168"},{"taxonomy":"post_tag","embeddable":true,"href":"https:\/\/klaava.fi\/index.php?rest_route=%2Fwp%2Fv2%2Ftags&post=2168"}],"curies":[{"name":"wp","href":"https:\/\/api.w.org\/{rel}","templated":true}]}}