{"id":2193,"date":"2014-11-21T11:46:41","date_gmt":"2014-11-21T09:46:41","guid":{"rendered":"https:\/\/klaava.fi\/?p=2193"},"modified":"2014-11-21T11:46:41","modified_gmt":"2014-11-21T09:46:41","slug":"keskiajalla-kirjoja-kuvitettiin-myos-teksteilla","status":"publish","type":"post","link":"https:\/\/klaava.fi\/?p=2193","title":{"rendered":"Keskiajalla kirjoja kuvitettiin my\u00f6s teksteill\u00e4"},"content":{"rendered":"<p>Sana eiv\u00e4t ole pelk\u00e4st\u00e4\u00e4n lukemista varten. T\u00e4m\u00e4 huomattiin viimeist\u00e4\u00e4n keskiajalla, jolloin kirjoja koristeltiin kirjaimilla ja teksteill\u00e4. Koristelun lis\u00e4ksi teksteill\u00e4 saatettiin piirt\u00e4\u00e4 kuvia, joita hollantilainen professori on innostunut tutkimaan.<\/p>\n<p><img decoding=\"async\" src=\"https:\/\/klaava.fi\/media\/2014-kuvat\/keskiaika-sanakuva-janis.jpg\" alt=\"Cicero, j\u00e4nis, t\u00e4htimuodostelma\" \/><br \/>\n<i>Kuva Ciceron Aratea-kirjasta 800-luvulta. T\u00e4htimuodostelma, joka kuvattiin el\u00e4inhahmolla.<\/i><\/p>\n<p>Hollantilainen <a href=\"http:\/\/medievalbooks.nl\/2014\/11\/14\/drawing-with-words\/\">Erik Kwakkel kirjoittaa blogia<\/a> keskiaikaisesta kirjallisuudesta. H\u00e4n on ker\u00e4nnyt blogijuttuihinsa arkistoista hyvin mielenkiintoista historiallista aineistoa, joiden taustoja h\u00e4n my\u00f6s valottaa.<\/p>\n<p><img decoding=\"async\" src=\"https:\/\/klaava.fi\/media\/2014-kuvat\/keskiaika-sanakuva-lintu.jpg\" alt=\"Cicero, lintu, t\u00e4htimuodostelma\" \/><\/p>\n<p>Alla n\u00e4yte  Chantilly Codex -kirjasta, jossa on yli sata ranskalaiss\u00e4velt\u00e4jien laulua. Kuvassa on Baude Cordierin \u201cBelle, Bonne, Sage&#8221;.<\/p>\n<p><img decoding=\"async\" src=\"https:\/\/klaava.fi\/media\/2014-kuvat\/keskiaika-sanakuva-buotit.jpg\" alt=\"Cicero, lintu, t\u00e4htimuodostelma\" \/><\/p>\n","protected":false},"excerpt":{"rendered":"<p>Sana eiv\u00e4t ole pelk\u00e4st\u00e4\u00e4n lukemista varten. T\u00e4m\u00e4 huomattiin viimeist\u00e4\u00e4n keskiajalla, jolloin kirjoja koristeltiin kirjaimilla ja teksteill\u00e4. Koristelun lis\u00e4ksi teksteill\u00e4 saatettiin piirt\u00e4\u00e4 kuvia, joita hollantilainen professori on innostunut tutkimaan.<\/p>\n<p><img decoding=\"async\" src=\"https:\/\/klaava.fi\/media\/2014-kuvat\/keskiaika-sanakuva-janis.jpg\" alt=\"Cicero, j\u00e4nis, t\u00e4htimuodostelma\" \/><br \/>\n<i>Kuva Ciceron Aratea-kirjasta 800-luvulta. T\u00e4htimuodostelma, joka kuvattiin el\u00e4inhahmolla.<\/i><\/p>\n","protected":false},"author":1,"featured_media":0,"comment_status":"open","ping_status":"open","sticky":false,"template":"","format":"standard","meta":{"footnotes":""},"categories":[1],"tags":[],"class_list":["post-2193","post","type-post","status-publish","format-standard","hentry","category-yleinen"],"_links":{"self":[{"href":"https:\/\/klaava.fi\/index.php?rest_route=\/wp\/v2\/posts\/2193","targetHints":{"allow":["GET"]}}],"collection":[{"href":"https:\/\/klaava.fi\/index.php?rest_route=\/wp\/v2\/posts"}],"about":[{"href":"https:\/\/klaava.fi\/index.php?rest_route=\/wp\/v2\/types\/post"}],"author":[{"embeddable":true,"href":"https:\/\/klaava.fi\/index.php?rest_route=\/wp\/v2\/users\/1"}],"replies":[{"embeddable":true,"href":"https:\/\/klaava.fi\/index.php?rest_route=%2Fwp%2Fv2%2Fcomments&post=2193"}],"version-history":[{"count":0,"href":"https:\/\/klaava.fi\/index.php?rest_route=\/wp\/v2\/posts\/2193\/revisions"}],"wp:attachment":[{"href":"https:\/\/klaava.fi\/index.php?rest_route=%2Fwp%2Fv2%2Fmedia&parent=2193"}],"wp:term":[{"taxonomy":"category","embeddable":true,"href":"https:\/\/klaava.fi\/index.php?rest_route=%2Fwp%2Fv2%2Fcategories&post=2193"},{"taxonomy":"post_tag","embeddable":true,"href":"https:\/\/klaava.fi\/index.php?rest_route=%2Fwp%2Fv2%2Ftags&post=2193"}],"curies":[{"name":"wp","href":"https:\/\/api.w.org\/{rel}","templated":true}]}}