{"id":2229,"date":"2015-03-08T09:04:24","date_gmt":"2015-03-08T06:04:24","guid":{"rendered":"https:\/\/klaava.fi\/?p=2229"},"modified":"2015-03-08T09:04:24","modified_gmt":"2015-03-08T06:04:24","slug":"ranska-ja-luxemburg-joutuvat-nostamaan-e-kirjojen-arvonlisaveroa","status":"publish","type":"post","link":"https:\/\/klaava.fi\/?p=2229","title":{"rendered":"Ranska ja Luxemburg joutuvat nostamaan e-kirjojen arvonlis\u00e4veroa"},"content":{"rendered":"<p>Monessa maassa on erikoinen k\u00e4yt\u00e4nt\u00f6: kun kirja julkaistaan s\u00e4hk\u00f6isen\u00e4 tuotteena, rankaistaan sit\u00e4 korkeammalla arvonlis\u00e4verolla kuin vastaavaa painettua kirjaa. Ranska ja Luxemburg p\u00e4\u00e4ttiv\u00e4t kaksi vuotta sitten laskea e-kirjojen veron samalle tasolle paperikirjojen kanssa. Maaliskuussa 2015 EU:n tuomioistuin m\u00e4\u00e4r\u00e4si kuitenkin maita nostamaan veron takaisin korkeammalle tasolle.<\/p>\n<p>Edist\u00e4\u00e4kseen kirjallisuuden kehityst\u00e4 Ranska laski kaksi vuotta sitten e-kirjojen arvonlis\u00e4veron 5.5 prosenttiin. Luxemburg laski oman veroasteensa kolmeen prosenttiin. Luxemburg on mielenkiintoinen tapaus, sill\u00e4 esimerkiksi Amazon ja Apple toimittavat EU:n alueen asiakkaille s\u00e4hk\u00f6iset tuotteet Luxemburgista.<\/p>\n<p>EU:n tuomioistuin k\u00e4ski Ranskaa ja Luxemburgia nostamaan s\u00e4hk\u00f6isten kirjojen veron takaisin todeten: &#8221;tuomioistuin katsoo, ett\u00e4 ALV direktiivi sulkee pois mahdollisuuden soveltaa matalaa ALV-tasoa elektronisesti toimitettuihin palveluihin&#8221;. EU komissio on kuitenkin ty\u00f6st\u00e4m\u00e4ss\u00e4 koko ALV-j\u00e4rjestelm\u00e4\u00e4 koskevaa uudistusta, joten asia voi viel\u00e4 l\u00e4hivuosina muuttua.<\/p>\n<p>Suomessa e-kirjojen arvonlis\u00e4vero on 24% ja painettujen kirjojen 10%, vaikka itse tuotteen sis\u00e4lt\u00f6 onkin yleens\u00e4 t\u00e4sm\u00e4lleen sama.<\/p>\n<p><a href=\"http:\/\/www.reuters.com\/article\/2015\/03\/05\/us-europe-ebooks-tax-idUSKBN0M11A120150305\">Reuters raportoi<\/a>.<\/p>\n","protected":false},"excerpt":{"rendered":"<p>Monessa maassa on erikoinen k\u00e4yt\u00e4nt\u00f6: kun kirja julkaistaan s\u00e4hk\u00f6isen\u00e4 tuotteena, rankaistaan sit\u00e4 korkeammalla arvonlis\u00e4verolla kuin vastaavaa painettua kirjaa. Ranska ja Luxemburg p\u00e4\u00e4ttiv\u00e4t kaksi vuotta sitten laskea e-kirjojen veron samalle tasolle paperikirjojen kanssa. Maaliskuussa 2015 EU:n tuomioistuin m\u00e4\u00e4r\u00e4si kuitenkin maita nostamaan veron takaisin korkeammalle tasolle.<\/p>\n<p><img decoding=\"async\" src=\"https:\/\/klaava.fi\/media\/omat-2015\/mreaders600-6-800.jpg\" alt=\"e-kirjojen lukulaite MReader S600\" width=\"520\" \/><\/p>\n","protected":false},"author":1,"featured_media":2309,"comment_status":"open","ping_status":"open","sticky":false,"template":"","format":"standard","meta":{"footnotes":""},"categories":[21],"tags":[51,52,53,54,55],"class_list":["post-2229","post","type-post","status-publish","format-standard","has-post-thumbnail","hentry","category-e-kirjat","tag-alv","tag-kirjat","tag-luxemburg","tag-ranska","tag-vero"],"_links":{"self":[{"href":"https:\/\/klaava.fi\/index.php?rest_route=\/wp\/v2\/posts\/2229","targetHints":{"allow":["GET"]}}],"collection":[{"href":"https:\/\/klaava.fi\/index.php?rest_route=\/wp\/v2\/posts"}],"about":[{"href":"https:\/\/klaava.fi\/index.php?rest_route=\/wp\/v2\/types\/post"}],"author":[{"embeddable":true,"href":"https:\/\/klaava.fi\/index.php?rest_route=\/wp\/v2\/users\/1"}],"replies":[{"embeddable":true,"href":"https:\/\/klaava.fi\/index.php?rest_route=%2Fwp%2Fv2%2Fcomments&post=2229"}],"version-history":[{"count":0,"href":"https:\/\/klaava.fi\/index.php?rest_route=\/wp\/v2\/posts\/2229\/revisions"}],"wp:featuredmedia":[{"embeddable":true,"href":"https:\/\/klaava.fi\/index.php?rest_route=\/"}],"wp:attachment":[{"href":"https:\/\/klaava.fi\/index.php?rest_route=%2Fwp%2Fv2%2Fmedia&parent=2229"}],"wp:term":[{"taxonomy":"category","embeddable":true,"href":"https:\/\/klaava.fi\/index.php?rest_route=%2Fwp%2Fv2%2Fcategories&post=2229"},{"taxonomy":"post_tag","embeddable":true,"href":"https:\/\/klaava.fi\/index.php?rest_route=%2Fwp%2Fv2%2Ftags&post=2229"}],"curies":[{"name":"wp","href":"https:\/\/api.w.org\/{rel}","templated":true}]}}