{"id":2467,"date":"2015-06-08T13:07:15","date_gmt":"2015-06-08T10:07:15","guid":{"rendered":"http:\/\/klaava.fi\/?p=2467"},"modified":"2015-06-08T13:07:15","modified_gmt":"2015-06-08T10:07:15","slug":"lisaa-luettavaa-kesaisilta-kirjatapahtumilta","status":"publish","type":"post","link":"https:\/\/klaava.fi\/?p=2467","title":{"rendered":"Lis\u00e4\u00e4 luettavaa kes\u00e4isilt\u00e4 kirjatapahtumilta"},"content":{"rendered":"<p>L\u00e4hes jokainen kyl\u00e4 Suomessa her\u00e4\u00e4 kes\u00e4ll\u00e4 omia asukkaita ja kes\u00e4asukkaita aktivoivaan toimintaan. Pienet ja suuret tapahtumat ovat suosittuja, sill\u00e4 niiden avulla kyl\u00e4\u00e4 voi markkinoida kamarimusiikilla, elokuvilla, traktorin\u00e4yttelyll\u00e4 tai monella muulla asialla, kuten kirjoilla.<\/p>\n<p>Suomen kes\u00e4ss\u00e4 2015 on ainakin kaksi perinteist\u00e4 kirjatapahtumaa:<br \/>\n&#8211; <a href=\"http:\/\/www.vanhankirjallisuudenpaivat.com\">Sastamalan vanhan kirjallisuuden p\u00e4iv\u00e4t<\/a> 26-27.6.2015.<br \/>\n&#8211; <a href=\"http:\/\/www.sysmankirjakylayhdistys.fi\/?page_id=611\">Sysm\u00e4n kirjakyl\u00e4p\u00e4iv\u00e4t<\/a> 3-5.7.2015.<\/p>\n<p>Sama meno n\u00e4ytt\u00e4\u00e4 olevan vallalla my\u00f6s maailmalla. Espanjan p\u00e4\u00e4kaupunki Madrid ehti aloittaa omat kes\u00e4iset ulkoilmassa pidett\u00e4v\u00e4t kirjafestivaalinsa (<a href=\"http:\/\/www.ferialibromadrid.com\">Feria del Libro de Madrid<\/a>) jo toukokuun puolella, mutta ne jatkuvat viel\u00e4 kes\u00e4kuun 14 p\u00e4iv\u00e4\u00e4n asti. T\u00e4ss\u00e4 kuvagalleria Madridin kirjatapahtumasta, joka pidet\u00e4\u00e4n perinteisesti keskustan Parque del Retiro \u2013puistossa.<\/p>\n","protected":false},"excerpt":{"rendered":"<p>L\u00e4hes jokainen kyl\u00e4 Suomessa her\u00e4\u00e4 kes\u00e4ll\u00e4 omia asukkaita ja kes\u00e4asukkaita aktivoivaan toimintaan. Pienet ja suuret tapahtumat ovat suosittuja, sill\u00e4 niiden avulla kyl\u00e4\u00e4 voi markkinoida kamarimusiikilla, elokuvilla, traktorin\u00e4yttelyll\u00e4 tai monella muulla asialla, kuten kirjoilla. Suomen kes\u00e4ss\u00e4&hellip; <a href=\"https:\/\/klaava.fi\/?p=2467\">More<\/a><\/p>\n","protected":false},"author":1,"featured_media":2469,"comment_status":"open","ping_status":"open","sticky":false,"template":"","format":"standard","meta":{"footnotes":""},"categories":[4],"tags":[116,117,118,119,120,121],"class_list":["post-2467","post","type-post","status-publish","format-standard","has-post-thumbnail","hentry","category-kirjat","tag-espanja","tag-kirjafestivaali","tag-kirjatapahtuma","tag-madrid","tag-sastamala","tag-sysma"],"_links":{"self":[{"href":"https:\/\/klaava.fi\/index.php?rest_route=\/wp\/v2\/posts\/2467","targetHints":{"allow":["GET"]}}],"collection":[{"href":"https:\/\/klaava.fi\/index.php?rest_route=\/wp\/v2\/posts"}],"about":[{"href":"https:\/\/klaava.fi\/index.php?rest_route=\/wp\/v2\/types\/post"}],"author":[{"embeddable":true,"href":"https:\/\/klaava.fi\/index.php?rest_route=\/wp\/v2\/users\/1"}],"replies":[{"embeddable":true,"href":"https:\/\/klaava.fi\/index.php?rest_route=%2Fwp%2Fv2%2Fcomments&post=2467"}],"version-history":[{"count":0,"href":"https:\/\/klaava.fi\/index.php?rest_route=\/wp\/v2\/posts\/2467\/revisions"}],"wp:featuredmedia":[{"embeddable":true,"href":"https:\/\/klaava.fi\/index.php?rest_route=\/"}],"wp:attachment":[{"href":"https:\/\/klaava.fi\/index.php?rest_route=%2Fwp%2Fv2%2Fmedia&parent=2467"}],"wp:term":[{"taxonomy":"category","embeddable":true,"href":"https:\/\/klaava.fi\/index.php?rest_route=%2Fwp%2Fv2%2Fcategories&post=2467"},{"taxonomy":"post_tag","embeddable":true,"href":"https:\/\/klaava.fi\/index.php?rest_route=%2Fwp%2Fv2%2Ftags&post=2467"}],"curies":[{"name":"wp","href":"https:\/\/api.w.org\/{rel}","templated":true}]}}