{"id":255,"date":"2009-10-24T10:53:54","date_gmt":"2009-10-24T07:53:54","guid":{"rendered":"https:\/\/klaava.fi\/?p=255"},"modified":"2009-10-24T10:53:54","modified_gmt":"2009-10-24T07:53:54","slug":"jari-tervo-ihmetteli-median-ymmarrysta-koljatti-kirjansa-teemasta","status":"publish","type":"post","link":"https:\/\/klaava.fi\/?p=255","title":{"rendered":"Jari Tervo ihmetteli median ymm\u00e4rryst\u00e4 Koljatti-kirjansa teemasta"},"content":{"rendered":"<p>Jari Tervo ehti hauskuttaa yleis\u00f6\u00e4\u00e4n Helsingin kirjamessuilla 23.10.2009 jo ennen kuin h\u00e4nen keskustelutilaisuutensa alkoi.<br \/>\n<a href=\"http:\/\/www.flickr.com\/photos\/klaava\/4039737054\/\" title=\"Jari Tervo Helsingin kirjamessuilla 2009 by Klaava.fi, on Flickr\"><img decoding=\"async\" src=\"http:\/\/farm3.static.flickr.com\/2472\/4039737054_d3fb6aca11.jpg\" width=\"300\" align=\"left\" alt=\"Jari Tervo Helsingin kirjamessuilla 2009\" \/><\/a><br \/>\nHaastattelijaansa Jarmo Papinnieme\u00e4 odotellessaan Tervo nousi lavalle innostuneiden aplodien saattelemana, mutta totesi ilon oleva ennenaikaista, koska halusi vain istua odottamaan Papinnieme\u00e4.<\/p>\n<p>Koljatti-kirjan teeman Jari Tervo kertoi olevan satiiri siit\u00e4, miten ihmisen el\u00e4m\u00e4 voi peruuttamattomasti muuttua h\u00e4nen joutuessaan median py\u00f6ritykseen.<br \/>\n<a href=\"http:\/\/www.flickr.com\/photos\/klaava\/4039693300\/\" title=\"Matti Vanhanen Helsingin kirjamessuilla 2009 by Klaava.fi, on Flickr\"><img decoding=\"async\" src=\"http:\/\/farm4.static.flickr.com\/3230\/4039693300_fb4a8461fc.jpg\" width=\"240\" align=\"right\" alt=\"Matti Vanhanen Helsingin kirjamessuilla 2009\" \/><\/a><br \/>\nEsimerkiksi Matti Vanhanen oli p\u00e4\u00e4ministerin\u00e4 aloittaessaan todennut olevansa melko harmaa politiikko, jossa ei paljon juoruaiheita ole. Harkitsematon romanssi Susanna Ruususen kanssa ja sit\u00e4 seuranneet viel\u00e4 v\u00e4hemm\u00e4n harkitsemattomat lausunnot ja oikeudenk\u00e4ynnit k\u00e4yt\u00e4nn\u00f6ss\u00e4 suisti Vanhasen el\u00e4m\u00e4n t\u00e4ysin uudelle raiteelle.<\/p>\n<p>Tervo halusi Koljatilla asettaa yht\u00e4 lailla median toiminnan kyseenalaiseksi siin\u00e4 miss\u00e4 taitamattomien poliitikkojenkin toiminnan. T\u00e4t\u00e4 h\u00e4n piti useimpien toimittajien ja kirjan arvostelijoiden suurimpana sokeana pisteen\u00e4 &#8211; he eiv\u00e4t n\u00e4hneet mediaa Koljatin satiirin kohteena lainkaan, vaan tarttuivat ainostaan surrealistiseen poliitikkojen kuvaukseen.<\/p>\n<p><object width=\"425\" height=\"344\"><param name=\"movie\" value=\"http:\/\/www.youtube.com\/v\/Q0aKJIS2KRM&#038;hl=en&#038;fs=1&#038;color1=0x2b405b&#038;color2=0x6b8ab6\"><\/param><param name=\"allowFullScreen\" value=\"true\"><\/param><param name=\"allowscriptaccess\" value=\"always\"><\/param><embed src=\"http:\/\/www.youtube.com\/v\/Q0aKJIS2KRM&#038;hl=en&#038;fs=1&#038;color1=0x2b405b&#038;color2=0x6b8ab6\" type=\"application\/x-shockwave-flash\" allowscriptaccess=\"always\" allowfullscreen=\"true\" width=\"425\" height=\"344\"><\/embed><\/object><\/p>\n<p>Koljatin nostattama mediamyllytys vain vahvisti Tervon k\u00e4sityst\u00e4 median kyvytt\u00f6myydest\u00e4 tehd\u00e4 juttuja oikeista asioista ja halusta kehitt\u00e4\u00e4 kohua tyhj\u00e4st\u00e4. Esimerkkein\u00e4 h\u00e4n kertoi Koljatin arvostelut, jotka ilmestyiv\u00e4t 11 minuuttia sen j\u00e4lkeen kun kirja oli tullut saataville. Sensaatiolehti oli haastatellut h\u00e4nt\u00e4 s\u00e4hk\u00f6postin v\u00e4lityksell\u00e4 ja saanut aikaiseksi l\u00f6\u00f6pin &#8221;Tervo tuohtunut&#8221; kun h\u00e4n oli (kirjallisesti) vastannut &#8221;En ole tuohtunut&#8221;.<\/p>\n<p>Jari Tervon k\u00e4sitys t\u00e4m\u00e4n p\u00e4iv\u00e4n suomalaisen median toiminnasta on yll\u00e4tt\u00e4v\u00e4nkin samankaltainen Jari Sarasvuon k\u00e4sityksen kanssa. Sarasvuo oli samoilla messuilla toisessa keskustelutilaisuudessa Timo Soinin, Timo Harakan, Antti Kylli\u00e4isen ja Saska Saarikosken mukana pohtimassa laman seuraamuksia.<\/p>\n<p>Sarasvuo otti kierroksia h\u00e4nelle esimerkkin\u00e4 luetusta Iltalehden artikkelista, jossa h\u00e4nt\u00e4 oli haastateltu. Lehden sitaatti koskien Kummiset\u00e4-elokuvaa oli Sarasvuon mukaan t\u00e4ysin poskellaan. Paitsi ett\u00e4 sitaatti oli virheellinen, Sarasvuon sanomisia muokannut toimittaja oli samalla saanut tehty\u00e4 asiavirheit\u00e4, jotka laittoi Sarasvuon suuhun. Sarasvuo piti t\u00e4t\u00e4 konkreettisena esimerkkin\u00e4 median toiminnasta, joka l\u00e4htee sen omista intresseist\u00e4, ei asioiden selvitt\u00e4misest\u00e4, ymm\u00e4rt\u00e4misest\u00e4 ja kommunikoinnista.<\/p>\n<p><a href=\"http:\/\/www.flickr.com\/photos\/klaava\/4039693128\/\" title=\"Jukka Pet\u00e4j\u00e4, Timo Soini, Timo Harakka, Antti Kylli\u00e4inen, Jari Sarasvuo, Saska Saarikoski\"><img loading=\"lazy\" decoding=\"async\" src=\"http:\/\/farm3.static.flickr.com\/2737\/4039693128_cfee2cc8bb.jpg\" width=\"500\" height=\"228\" alt=\"Jukka Pet\u00e4j\u00e4, Timo Soini, Timo Harakka, Antti Kylli\u00e4inen, Jari Sarasvuo, Saska Saarikoski\" \/><\/a><\/p>\n<p>Jari Tervo ja Jari Sarasvuo ovat kumpikin taustaltaan toimittajia. Mediaa arvostellessaan he arvostelevat entisi\u00e4 ja mahdolllisesti nykyisi\u00e4kin kolleegoitaan ja ep\u00e4suorasti my\u00f6s ty\u00f6antajiaan &#8211; kustantajia, jotka p\u00e4\u00e4st\u00e4v\u00e4t seulansa l\u00e4pi materiaalia, joka Tervon ja Sarasvuon mielest\u00e4 on hyvin kyseenalaista.<\/p>\n<p>Tietysti sek\u00e4 Tervo ett\u00e4 Sarasvuo my\u00f6s tarvitsevat julkisuutta urallaan eik\u00e4 se aina voi olla positiivista, mutta kyll\u00e4 heill\u00e4 aika konkreettisia tapauksia on esitt\u00e4\u00e4 median tekem\u00e4st\u00e4 tahallisesta asioiden v\u00e4\u00e4ristelyst\u00e4.<\/p>\n","protected":false},"excerpt":{"rendered":"<p>Jari Tervo ehti hauskuttaa yleis\u00f6\u00e4\u00e4n Helsingin kirjamessuilla 23.10.2009 jo ennen kuin h\u00e4nen keskustelutilaisuutensa alkoi.<br \/>\n<a href=\"http:\/\/www.flickr.com\/photos\/klaava\/4039737054\/\" title=\"Jari Tervo Helsingin kirjamessuilla 2009 by Klaava.fi, on Flickr\"><img decoding=\"async\" src=\"http:\/\/farm3.static.flickr.com\/2472\/4039737054_d3fb6aca11.jpg\" width=\"300\" align=\"left\" alt=\"Jari Tervo Helsingin kirjamessuilla 2009\" \/><\/a><\/p>\n","protected":false},"author":1,"featured_media":0,"comment_status":"open","ping_status":"open","sticky":false,"template":"","format":"standard","meta":{"footnotes":""},"categories":[1],"tags":[],"class_list":["post-255","post","type-post","status-publish","format-standard","hentry","category-yleinen"],"_links":{"self":[{"href":"https:\/\/klaava.fi\/index.php?rest_route=\/wp\/v2\/posts\/255","targetHints":{"allow":["GET"]}}],"collection":[{"href":"https:\/\/klaava.fi\/index.php?rest_route=\/wp\/v2\/posts"}],"about":[{"href":"https:\/\/klaava.fi\/index.php?rest_route=\/wp\/v2\/types\/post"}],"author":[{"embeddable":true,"href":"https:\/\/klaava.fi\/index.php?rest_route=\/wp\/v2\/users\/1"}],"replies":[{"embeddable":true,"href":"https:\/\/klaava.fi\/index.php?rest_route=%2Fwp%2Fv2%2Fcomments&post=255"}],"version-history":[{"count":0,"href":"https:\/\/klaava.fi\/index.php?rest_route=\/wp\/v2\/posts\/255\/revisions"}],"wp:attachment":[{"href":"https:\/\/klaava.fi\/index.php?rest_route=%2Fwp%2Fv2%2Fmedia&parent=255"}],"wp:term":[{"taxonomy":"category","embeddable":true,"href":"https:\/\/klaava.fi\/index.php?rest_route=%2Fwp%2Fv2%2Fcategories&post=255"},{"taxonomy":"post_tag","embeddable":true,"href":"https:\/\/klaava.fi\/index.php?rest_route=%2Fwp%2Fv2%2Ftags&post=255"}],"curies":[{"name":"wp","href":"https:\/\/api.w.org\/{rel}","templated":true}]}}