{"id":2578,"date":"2015-08-05T13:16:49","date_gmt":"2015-08-05T10:16:49","guid":{"rendered":"http:\/\/klaava.fi\/?p=2578"},"modified":"2015-08-05T13:16:49","modified_gmt":"2015-08-05T10:16:49","slug":"pohjolan-hehku-taidekirja-yhdistaa-monta-taiteenlajia-kiehtovaksi-taruksi","status":"publish","type":"post","link":"https:\/\/klaava.fi\/?p=2578","title":{"rendered":"Pohjolan hehku -taidekirja yhdist\u00e4\u00e4 monta taiteenlajia kiehtovaksi taruksi"},"content":{"rendered":"<p>Inka Tolonen ja P\u00e4ivi Ruuska ovat saaneet julkaisuvalmiiksi taidekirjan Pohjolan hehku, joka on kiehtovan mystinen kuvallinen ja sanallinen kertomus pohjoisen vuodenaikojen synnyst\u00e4. <a href=\"https:\/\/klaava.fi\/?page_id=2522\">Kirja on nyt saatavilla<\/a>. Teoksen kirjoittaja ja projektivastaava Inka Tolonen kertoo miten ajatus kirjasta l\u00e4hti el\u00e4m\u00e4\u00e4n ja muuttui todeksi.<br \/>\n<a href=\"https:\/\/klaava.fi\/media\/2015\/08\/kirjansivu07.png\"><img loading=\"lazy\" decoding=\"async\" src=\"https:\/\/klaava.fi\/media\/2015\/08\/kirjansivu07.png\" alt=\"Sivu kirjasta Pohjolan hehku\" width=\"303\" height=\"495\" class=\"alignright size-full wp-image-2586\" style=\"border:1px solid grey\" \/><\/a><\/p>\n<p><b>Pohjolan hehku on kunnianhimoinen kirja. Sen tekemisess\u00e4 oli mukana monen alan taiteilijoita. Miten kaikki artistit l\u00e4htiv\u00e4t mukaan hankkeeseen?<\/b><br \/>\nAsiat eteniv\u00e4t asteittain vuosien saatossa. Jokaisella on ollut omat motivaatiotekij\u00e4ns\u00e4 olla mukana ja tarjota osaamistaan. Kirjahanke on ollut varmastikin kaikille osapuolille mielenkiintoinen kokemus sek\u00e4 hieno mahdollisuus toteuttaa itse\u00e4\u00e4n ja luoda uutta.  Yhteisty\u00f6 on toiminut hienosti kaikkien hankkeeseen osallistuvien kanssa.<\/p>\n<p><b>Kirja on j\u00e4nnitt\u00e4v\u00e4 yhdistelm\u00e4 kuvataidetta, vaatesuunnittelua, maskeerausta ja runoutta. Mik\u00e4 syntyi ensin?<\/b><\/p>\n<p>P\u00e4ivi Ruuska oli ty\u00f6st\u00e4nyt jo vuosia intohimoisesti omaa puku-, koru- ja tekstiilitaidettaan eri muodoissa. H\u00e4n oli my\u00f6s kuvauttanut t\u00f6it\u00e4\u00e4n ammattimaisesti. Kuvia on arkistossa hyvin paljon. N\u00e4in syntyiv\u00e4t muun muassa kirjassakin mukana olevat kauniit taidevalokuvat, joissa maskeeratuilla malleilla on yll\u00e4\u00e4n upeita pukuja ja koruja. Kuvat ovat ammattivalokuvaajien ottamia. <\/p>\n<p>P\u00e4ivi Ruuska otti minuun yhteytt\u00e4 vuoden 2013 lopussa ja ehdotti yhteisty\u00f6t\u00e4. P\u00e4\u00e4timme, ett\u00e4 teemme yhdess\u00e4 taidekirjan. Sovimme, ett\u00e4 valitsisin h\u00e4nen taidekuvistaan kirjaan sopivat ja kirjoittaisin kuviin tekstin. Teht\u00e4v\u00e4n\u00e4ni oli koostaa kirja, joka ty\u00f6stettiin yhdess\u00e4 lopulliseen julkaisuasuun. Tavoitteenamme oli saada aikaan taidekirja, jossa olisi kaunis ja tunnelmallinen kuvitus sek\u00e4 tarina.<\/p>\n<p>Jokainen Ruuskan arkiston kuva on mielest\u00e4ni lumoava ja valinta oli melko vaikea. Tutkittuani kuvia ja annettuani ajan ensin v\u00e4h\u00e4n kulua, osa kuvista alkoi ik\u00e4\u00e4n kuin kutsua minua puoleensa ja mieless\u00e4ni alkoi muodustua tarina, jonkinlainen moderni ja mystinen kansantaru Pohjolasta. N\u00e4in syntyi Pohjolan hehku.<br \/>\n<figure id=\"attachment_2583\" aria-describedby=\"caption-attachment-2583\" style=\"width: 532px\" class=\"wp-caption aligncenter\"><a href=\"https:\/\/klaava.fi\/media\/2015\/08\/kirja-valokuva-veliveikkoelomaa.jpg\"><img loading=\"lazy\" decoding=\"async\" src=\"https:\/\/klaava.fi\/media\/2015\/08\/kirja-valokuva-veliveikkoelomaa.jpg\" alt=\"kirjasta Pohjolan hehku, valokuva veli-veikko elomaa\" width=\"532\" height=\"800\" class=\"size-full wp-image-2583\" \/><\/a><figcaption id=\"caption-attachment-2583\" class=\"wp-caption-text\">Kirjan kuvitusta. Valokuva Veli-Veikko Elomaa<\/figcaption><\/figure><\/p>\n<p><b>Kirja on k\u00e4\u00e4nnetty englanniksi ja julkaistu nimell\u00e4 Glow of the North. Miten odotat lukijoiden ottavan kirjan vastaan Pohjoismaiden ulkopuolella?<\/b><br \/>\nToivon, ett\u00e4 kirja l\u00f6yt\u00e4isi runsaasti lukijoita ja kuvien ihastelijoita kaikkialla. Mielest\u00e4ni lopputulos on kaunis ja houkutteleva tekij\u00f6idens\u00e4 n\u00e4k\u00f6inen taideteos.<br \/>\nFilosofian maisteri Aino Huotarin ja Jyv\u00e4skyl\u00e4n yliopiston kirjallisuuteen ja runouteen erikoistuneen englannin kielen lehtorin Roger N\u00f6el Smithin k\u00e4\u00e4nn\u00f6s on mielest\u00e4ni onnistunut. <\/p>\n<p>Voisin kuvitella Pohjolan hehkun my\u00f6s esimerkiksi tanssiteatterin lavoille kera fantasiatyylisen musiikin. Painettunakin t\u00e4ll\u00e4 kirjalla tulisi varmasti olemaan monipuolinen ja pitk\u00e4 el\u00e4m\u00e4. Se olisi esimerkiksi erinomainen matkamuisto Suomesta. N\u00e4in rohkenen ajatella. <\/p>\n<p><b>Mit\u00e4 kirjoja suosittelisit lukijoille ja millaisista kirjoista itse pid\u00e4t?<\/b><br \/>\nSuosittelen tutustumaan t\u00e4n\u00e4 vuonna julkaistavaan toimittamaani <a href=\"http:\/\/www.inkatolonen.com\">Haltijat-kirjaan<\/a> (julkaisun ty\u00f6nimi). Sekin on aivan omanlaisensa mielenkiintoinen tarina- ja taideaarre. Kirjassa esitell\u00e4\u00e4n haltijaemo ja nukketaiteilija Tuija Leinosen haltijoita ja n\u00e4iden yst\u00e4vi\u00e4. Kirjassa on paljon herkki\u00e4 ja hauskojakin ihmisten tositarinoita ja \u2013kokemuksia sek\u00e4 runsaasti haltijakuvia. Leinosen haltijoita asustaa ainakin 20 eri maassa. Haltijoiden ja haltijaemon luokse tullaan pitkienkin matkojen p\u00e4\u00e4st\u00e4.<\/p>\n<p>Taidekirjojen lis\u00e4ksi pid\u00e4n varsinkin aforismi- ja el\u00e4m\u00e4kertakirjoista.<\/p>\n<p><b>Mit\u00e4 voimme odottaa sinulta seuraavaksi?<\/b><br \/>\nEdell\u00e4 mainitsemani Haltijat-kirja julkaistaan pian. Sen j\u00e4lkeen pid\u00e4n taukoa kirjoittamisessa, ainakin isommista yhteisty\u00f6kirjahankkeista. <\/p>\n<p>Harkinnassa on lastensatusarjan julkaisu. Tekstikokoelma syntyi aikoinaan osana Jyv\u00e4skyl\u00e4n yliopiston ja Oriveden opiston kirjoittamisen opintoja. Voi olla, ett\u00e4 n\u00e4it\u00e4 satuja saavat muutkin joskus lukea.  <\/p>\n<p><a href=\"https:\/\/klaava.fi\/?page_id=2522\"><img decoding=\"async\" src=\"https:\/\/klaava.fi\/media\/kannet\/kansi-pohjolanhehku-180.png\" alt=\"Pohjolan hehku\" class=\"alignright\" \/><\/a><br \/>\n<a href=\"https:\/\/klaava.fi\/?page_id=2522\">Pohjolan hehku \u2013kirjasta lis\u00e4tietoa t\u00e4\u00e4ll\u00e4<\/a> ja sen englanninkielisest\u00e4 k\u00e4\u00e4nn\u00f6ksest\u00e4 <a href=\"http:\/\/klaava.com\/glow-of-the-north\/\">Glow of the North t\u00e4\u00e4ll\u00e4<\/a>.<\/p>\n","protected":false},"excerpt":{"rendered":"<p>Inka Tolonen ja P\u00e4ivi Ruuska ovat saaneet julkaisuvalmiiksi taidekirjan Pohjolan hehku, joka on kiehtovan mystinen kuvallinen ja sanallinen kertomus pohjoisen vuodenaikojen synnyst\u00e4. Kirja on nyt saatavilla. Teoksen kirjoittaja ja projektivastaava Inka Tolonen kertoo miten ajatus&hellip; <a href=\"https:\/\/klaava.fi\/?p=2578\">More<\/a><\/p>\n","protected":false},"author":1,"featured_media":2582,"comment_status":"open","ping_status":"open","sticky":false,"template":"","format":"standard","meta":{"footnotes":""},"categories":[4],"tags":[158,159,160,77,161,162],"class_list":["post-2578","post","type-post","status-publish","format-standard","has-post-thumbnail","hentry","category-kirjat","tag-pohjola","tag-runous","tag-taide","tag-taidekirja","tag-taru","tag-valokuvaus"],"_links":{"self":[{"href":"https:\/\/klaava.fi\/index.php?rest_route=\/wp\/v2\/posts\/2578","targetHints":{"allow":["GET"]}}],"collection":[{"href":"https:\/\/klaava.fi\/index.php?rest_route=\/wp\/v2\/posts"}],"about":[{"href":"https:\/\/klaava.fi\/index.php?rest_route=\/wp\/v2\/types\/post"}],"author":[{"embeddable":true,"href":"https:\/\/klaava.fi\/index.php?rest_route=\/wp\/v2\/users\/1"}],"replies":[{"embeddable":true,"href":"https:\/\/klaava.fi\/index.php?rest_route=%2Fwp%2Fv2%2Fcomments&post=2578"}],"version-history":[{"count":0,"href":"https:\/\/klaava.fi\/index.php?rest_route=\/wp\/v2\/posts\/2578\/revisions"}],"wp:featuredmedia":[{"embeddable":true,"href":"https:\/\/klaava.fi\/index.php?rest_route=\/"}],"wp:attachment":[{"href":"https:\/\/klaava.fi\/index.php?rest_route=%2Fwp%2Fv2%2Fmedia&parent=2578"}],"wp:term":[{"taxonomy":"category","embeddable":true,"href":"https:\/\/klaava.fi\/index.php?rest_route=%2Fwp%2Fv2%2Fcategories&post=2578"},{"taxonomy":"post_tag","embeddable":true,"href":"https:\/\/klaava.fi\/index.php?rest_route=%2Fwp%2Fv2%2Ftags&post=2578"}],"curies":[{"name":"wp","href":"https:\/\/api.w.org\/{rel}","templated":true}]}}