{"id":2628,"date":"2015-09-08T10:40:37","date_gmt":"2015-09-08T07:40:37","guid":{"rendered":"http:\/\/klaava.fi\/?p=2628"},"modified":"2015-09-08T10:40:37","modified_gmt":"2015-09-08T07:40:37","slug":"kirjan-vuosi-tuo-lukijat-julkisille-paikoille-minakin-luen-kampanjalla-8-9-2015","status":"publish","type":"post","link":"https:\/\/klaava.fi\/?p=2628","title":{"rendered":"Kirjan vuosi tuo lukijat julkisille paikoille Min\u00e4kin luen! \u2013kampanjalla 8.9.2015"},"content":{"rendered":"<p>Kirjan vuosi 2015 on pitkin vuotta j\u00e4rjest\u00e4nyt lukemista, kirjoittamista ja kirjallisuutta koskevia tapahtumia, mutta 8.9.2015 j\u00e4rjestett\u00e4v\u00e4 Min\u00e4kin luen! saattaa olla se suurelle yleis\u00f6lle n\u00e4kyvin tapahtuma.<\/p>\n<p><a href=\"https:\/\/klaava.fi\/media\/2015\/09\/koboaurah2o-poolgirl.jpg\"><img loading=\"lazy\" decoding=\"async\" src=\"https:\/\/klaava.fi\/media\/2015\/09\/koboaurah2o-poolgirl.jpg\" alt=\"kobo aura h2o e-kirjojen lukulaite\" width=\"547\" height=\"313\" class=\"aligncenter size-full wp-image-2629\" \/><\/a><\/p>\n<p>Min\u00e4kin luen \u2013tapahtuman ovat luvanneet j\u00e4rjest\u00e4\u00e4 Alah\u00e4rm\u00e4, Espoo, Helsinki, Hyvink\u00e4\u00e4, H\u00e4meenlinna, Joensuu, Jyv\u00e4skyl\u00e4, Kauhava, Kouvola, Kuopio, Mikkeli, Oulu, Pieks\u00e4m\u00e4ki, Pori, Rovaniemi, Sastamala, Savonlinna, Sipoo, Taivalkoski, Tampere , Turku, Vaasa ja Ylih\u00e4rm\u00e4. Paikkakuntakohtaiset tapahtumatiedot l\u00f6yd\u00e4t <a href=\"http:\/\/www.kirjanvuosi.fi\/\">Kirjan vuosi \u2013sivuilta<\/a>. Kuka tahansa voi tulla paikalle ja osallistua lukukampanjaan.<\/p>\n<p>Esimerkiksi Oulussa kokoonnutaan klo 15.45 Rotuaarin aukiolle, jossa osallistujat muodostavat jonon, jossa he lukevat mukanaan tuomaansa teosta ilman \u00e4\u00e4nitehosteita noin 10 minuutin ajan. Hyvink\u00e4\u00e4ll\u00e4 on sama ohjelma: hiljainen lukuhetki kirjastoaukiolla klo 15.45 alkaen. <\/p>\n<p>Sosiaalisessa mediassa voi osallistua lukutapahtumaan. N\u00e4in <a href=\"http:\/\/www.kirjanvuosi.fi\/minakinluen\">Kirjan vuosi ohjeistaa<\/a>:<br \/>\n1. Ota itsest\u00e4si valokuva, jossa olet kirjan kanssa tai luet kirjaa.<br \/>\n2. Lataa kuva Instagram-tilillesi. Jaettuihin kuviin tulee lis\u00e4t\u00e4 t\u00e4gi #minakinluen ja tunniste @kirjanvuosi.<br \/>\n3. #min\u00e4kinluen kuvat n\u00e4kyv\u00e4t kuvagalleriana Kirjan vuoden nettisivuilla www.kirjanvuosi.fi\/min\u00e4kinluen ja Kirjan vuoden facebook-sivuilla. Kuvia voidaan jakaa sosiaalisessa mediassa.<\/p>\n<p>My\u00f6s Twitter-palvelussa on kuhinaa: #min\u00e4kinluen -tunnisteella on runsaasti innokkaita lukijoita mukana tukemassa kampanjaa.<\/p>\n","protected":false},"excerpt":{"rendered":"<p>Kirjan vuosi 2015 on pitkin vuotta j\u00e4rjest\u00e4nyt lukemista, kirjoittamista ja kirjallisuutta koskevia tapahtumia, mutta 8.9.2015 j\u00e4rjestett\u00e4v\u00e4 Min\u00e4kin luen! saattaa olla se suurelle yleis\u00f6lle n\u00e4kyvin tapahtuma. Min\u00e4kin luen \u2013tapahtuman ovat luvanneet j\u00e4rjest\u00e4\u00e4 Alah\u00e4rm\u00e4, Espoo, Helsinki, Hyvink\u00e4\u00e4,&hellip; <a href=\"https:\/\/klaava.fi\/?p=2628\">More<\/a><\/p>\n","protected":false},"author":1,"featured_media":2629,"comment_status":"open","ping_status":"open","sticky":false,"template":"","format":"standard","meta":{"footnotes":""},"categories":[4],"tags":[177,178,153,179],"class_list":["post-2628","post","type-post","status-publish","format-standard","has-post-thumbnail","hentry","category-kirjat","tag-kampanja","tag-kirjan-vuosi","tag-lukeminen","tag-minakin-luen"],"_links":{"self":[{"href":"https:\/\/klaava.fi\/index.php?rest_route=\/wp\/v2\/posts\/2628","targetHints":{"allow":["GET"]}}],"collection":[{"href":"https:\/\/klaava.fi\/index.php?rest_route=\/wp\/v2\/posts"}],"about":[{"href":"https:\/\/klaava.fi\/index.php?rest_route=\/wp\/v2\/types\/post"}],"author":[{"embeddable":true,"href":"https:\/\/klaava.fi\/index.php?rest_route=\/wp\/v2\/users\/1"}],"replies":[{"embeddable":true,"href":"https:\/\/klaava.fi\/index.php?rest_route=%2Fwp%2Fv2%2Fcomments&post=2628"}],"version-history":[{"count":0,"href":"https:\/\/klaava.fi\/index.php?rest_route=\/wp\/v2\/posts\/2628\/revisions"}],"wp:featuredmedia":[{"embeddable":true,"href":"https:\/\/klaava.fi\/index.php?rest_route=\/"}],"wp:attachment":[{"href":"https:\/\/klaava.fi\/index.php?rest_route=%2Fwp%2Fv2%2Fmedia&parent=2628"}],"wp:term":[{"taxonomy":"category","embeddable":true,"href":"https:\/\/klaava.fi\/index.php?rest_route=%2Fwp%2Fv2%2Fcategories&post=2628"},{"taxonomy":"post_tag","embeddable":true,"href":"https:\/\/klaava.fi\/index.php?rest_route=%2Fwp%2Fv2%2Ftags&post=2628"}],"curies":[{"name":"wp","href":"https:\/\/api.w.org\/{rel}","templated":true}]}}