{"id":2659,"date":"2015-10-01T13:12:15","date_gmt":"2015-10-01T10:12:15","guid":{"rendered":"http:\/\/klaava.fi\/?p=2659"},"modified":"2015-10-01T13:12:15","modified_gmt":"2015-10-01T10:12:15","slug":"turun-kirjamessut-2-4-10-2015-jossa-teemoina-ruotsi-kustavi-ja-saamenmaa","status":"publish","type":"post","link":"https:\/\/klaava.fi\/?p=2659","title":{"rendered":"Turun kirjamessut 2-4.10.2015, jossa teemoina Ruotsi, Kustavi ja Saamenmaa"},"content":{"rendered":"<p>Turun messukeskuksessa j\u00e4rjestet\u00e4\u00e4n 2.-4.10.2015 vuosittaiset kirjamessut, jonne t\u00e4n\u00e4 vuonna on kutsuttu kirjailijoita esiintym\u00e4\u00e4n erityisesti Ruotsista, Lapista ja Turun saariston Kustavista. Suuret G\u00f6teborgin kirjamessut ovat juuri ohi, mutta Ruotsista on saatu nimekk\u00e4it\u00e4 kirjailijoita Turkuun, mm. David Lagercrantz.<br \/>\n<a href=\"https:\/\/klaava.fi\/media\/2015\/10\/turunkirjamessut-yleisoa-paalava.jpg\"><img loading=\"lazy\" decoding=\"async\" src=\"https:\/\/klaava.fi\/media\/2015\/10\/turunkirjamessut-yleisoa-paalava.jpg\" alt=\"turun kirjamessut, yleis\u00f6\u00e4 p\u00e4\u00e4lavan tilaisuudessa\" width=\"966\" height=\"639\" class=\"aligncenter size-full wp-image-2658\" \/><\/a><br \/>\nSuomalaisten ja saamelaisten kirjailijoiden lis\u00e4ksi Ruotsista messuille saapuvat Lena Andersson, Stefan Ahnhem, Mikael Bergstrand, Mikael Bergstrand, Kerstin Ekman, Sara B. Elfgren ja Mats Strandberg, Horace Engdahl, Lin Hallberg , David Lagercrantz , Anna Lihammer, Herman Lindqvist, H\u00e5kan Nesser, Kristina Ohlsson, Linda Olsson, Johan Theorin ja Bea Uusma. Kustantaja Eva Bonnier on my\u00f6s tulossa messuille.<\/p>\n<p>David Lagercrantzilta luultavasti kysell\u00e4\u00e4n h\u00e4nen uusimmasta kirjastaan, joka on nelj\u00e4s osa Stieg Larssonin kirjoittaman kolmen Lisbeth Salander \u2013kirjan jatkoksi, mutta toivottavasti kirjailijalta kysyt\u00e4\u00e4n my\u00f6s h\u00e4nen ty\u00f6tavoistaan ja perusteluja <a href=\"https:\/\/klaava.fi\/?p=2443\">miksi h\u00e4n keksi itse Zlatanin sanomiset<\/a> jalkapalloilijan el\u00e4m\u00e4kertaan.<\/p>\n<p>Kaikki kirjailijat, k\u00e4\u00e4nt\u00e4j\u00e4t ja juontajat, jotka puhuvat messuilla l\u00f6yd\u00e4t <a href=\"http:\/\/www.kirjamessut.fi\/home\/esiintyjat\/\">t\u00e4lt\u00e4 sivulta<\/a>.<\/p>\n<p>Messut ovat Turun messukeskuksessa avoinna lokakuun 2. ja 3. p\u00e4iv\u00e4 klo 10-18.00 ja 4. p\u00e4iv\u00e4 10-17.00. Samaan aikaan, samassa messukompleksissa pidett\u00e4ville ruoka- ja viinimessuille p\u00e4\u00e4see kirjamessujen lipulla.<\/p>\n","protected":false},"excerpt":{"rendered":"<p>Turun messukeskuksessa j\u00e4rjestet\u00e4\u00e4n 2.-4.10.2015 vuosittaiset kirjamessut, jonne t\u00e4n\u00e4 vuonna on kutsuttu kirjailijoita esiintym\u00e4\u00e4n erityisesti Ruotsista, Lapista ja Turun saariston Kustavista. Suuret G\u00f6teborgin kirjamessut ovat juuri ohi, mutta Ruotsista on saatu nimekk\u00e4it\u00e4 kirjailijoita Turkuun, mm. David&hellip; <a href=\"https:\/\/klaava.fi\/?p=2659\">More<\/a><\/p>\n","protected":false},"author":1,"featured_media":2658,"comment_status":"open","ping_status":"open","sticky":false,"template":"","format":"standard","meta":{"footnotes":""},"categories":[4],"tags":[190,191,89,192,193],"class_list":["post-2659","post","type-post","status-publish","format-standard","has-post-thumbnail","hentry","category-kirjat","tag-kirjamessut","tag-kustavi","tag-ruotsi","tag-saami","tag-turku"],"_links":{"self":[{"href":"https:\/\/klaava.fi\/index.php?rest_route=\/wp\/v2\/posts\/2659","targetHints":{"allow":["GET"]}}],"collection":[{"href":"https:\/\/klaava.fi\/index.php?rest_route=\/wp\/v2\/posts"}],"about":[{"href":"https:\/\/klaava.fi\/index.php?rest_route=\/wp\/v2\/types\/post"}],"author":[{"embeddable":true,"href":"https:\/\/klaava.fi\/index.php?rest_route=\/wp\/v2\/users\/1"}],"replies":[{"embeddable":true,"href":"https:\/\/klaava.fi\/index.php?rest_route=%2Fwp%2Fv2%2Fcomments&post=2659"}],"version-history":[{"count":0,"href":"https:\/\/klaava.fi\/index.php?rest_route=\/wp\/v2\/posts\/2659\/revisions"}],"wp:featuredmedia":[{"embeddable":true,"href":"https:\/\/klaava.fi\/index.php?rest_route=\/"}],"wp:attachment":[{"href":"https:\/\/klaava.fi\/index.php?rest_route=%2Fwp%2Fv2%2Fmedia&parent=2659"}],"wp:term":[{"taxonomy":"category","embeddable":true,"href":"https:\/\/klaava.fi\/index.php?rest_route=%2Fwp%2Fv2%2Fcategories&post=2659"},{"taxonomy":"post_tag","embeddable":true,"href":"https:\/\/klaava.fi\/index.php?rest_route=%2Fwp%2Fv2%2Ftags&post=2659"}],"curies":[{"name":"wp","href":"https:\/\/api.w.org\/{rel}","templated":true}]}}