{"id":3118,"date":"2016-09-26T10:06:41","date_gmt":"2016-09-26T07:06:41","guid":{"rendered":"http:\/\/klaava.fi\/?p=3118"},"modified":"2016-09-26T10:06:41","modified_gmt":"2016-09-26T07:06:41","slug":"lopultakin-myos-eu-maarittelee-e-kirjat-kirjoiksi","status":"publish","type":"post","link":"https:\/\/klaava.fi\/?p=3118","title":{"rendered":"Lopultakin my\u00f6s EU m\u00e4\u00e4rittelee e-kirjat kirjoiksi"},"content":{"rendered":"<p>Luulisi kirjan olevan kirja riippumatta siit\u00e4 miten sen lukee: paperilta, lukulaitteelta vai tabletin n\u00e4yt\u00f6lt\u00e4. Sis\u00e4lt\u00f6h\u00e4n usein on sama riippumatta kirjan formaatista. Ulkoasu poikkeaa pehme\u00e4kantisen ja kovakantisen kirjan v\u00e4lill\u00e4, kuten my\u00f6s e-kirjan ulkoasu on erilainen. Silti, kirja on kirja \u2013 paitsi verottajan mielest\u00e4: Suomessa painetun kirjan ALV on 10% ja s\u00e4hk\u00f6isen kirjan 24%.<\/p>\n<p>Nyt t\u00e4lle leikille on tulossa loppu, sill\u00e4 EU (joka my\u00f6skin on t\u00e4st\u00e4 ep\u00e4oikeudenmukaisesta verokohtelusta pit\u00e4nyt kiinni) esitt\u00e4\u00e4 kirjojen verokohtelun yhdenmukaistamista. <a href=\"https:\/\/www.ft.com\/content\/5bba17d0-7743-11e6-a0c6-39e2633162d5\">Financial Times<\/a> kertoo EU-komissaari Pierre Moscovicin ajavan asiaa koskevan lains\u00e4\u00e4d\u00e4nn\u00f6n Unionin p\u00e4\u00e4tt\u00e4viin elimiin lokakuun 2016 aikana. EU-tasolla asia lienee siis k\u00e4yt\u00e4nn\u00f6ss\u00e4 sovittu.<\/p>\n<p>T\u00e4m\u00e4n j\u00e4lkeen kansalliset parlamentit viel\u00e4 hyv\u00e4ksyv\u00e4t (miten ne voisivat olla hyv\u00e4ksym\u00e4tt\u00e4) lakimuutoksen ja kaikilla on hyv\u00e4 mieli. Paitsi nyt voidaan tietysti aloittaa keskustelu siit\u00e4, pit\u00e4isik\u00f6 kaikkien kirjojen ALV olla yleisen arvonlis\u00e4verotason mukainen 24% vai jotain muuta, kuten 10%?<\/p>\n<p>Kirjojen arvonlis\u00e4veroista on joissakin maissa v\u00e4\u00e4nnetty k\u00e4tt\u00e4 jo vuosia. Ranska kapinoi e-kirjojen korkeampaa veroa vastaan vuonna 2013 ja Luxemburg seurasi per\u00e4ss\u00e4 laskemalla kaikkien kirjojen veron samalle tasolle. EU kuitenkin ojensi maat takaisin ruotuun ja k\u00e4ski niiden odottaa valmisteilla olevaa uudistusta, joka nyt on siis tulollaan.<\/p>\n<p>Pohjimmiltaan kyse oli triviaalista asiasta: painettu kirja k\u00e4siteltiin fyysisen\u00e4 tuotteena, jolla oli joku ALV-taso, mutta e-kirja k\u00e4siteltiin s\u00e4hk\u00f6isen\u00e4 palveluna, jolla ei voinut olla sama ALV-taso kuin fyysisell\u00e4 tuotteella.<\/p>\n","protected":false},"excerpt":{"rendered":"<p>Luulisi kirjan olevan kirja riippumatta siit\u00e4 miten sen lukee: paperilta, lukulaitteelta vai tabletin n\u00e4yt\u00f6lt\u00e4. Sis\u00e4lt\u00f6h\u00e4n usein on sama riippumatta kirjan formaatista. Ulkoasu poikkeaa pehme\u00e4kantisen ja kovakantisen kirjan v\u00e4lill\u00e4, kuten my\u00f6s e-kirjan ulkoasu on erilainen. Silti,&hellip; <a href=\"https:\/\/klaava.fi\/?p=3118\">More<\/a><\/p>\n","protected":false},"author":1,"featured_media":3120,"comment_status":"open","ping_status":"closed","sticky":false,"template":"","format":"standard","meta":{"footnotes":""},"categories":[4],"tags":[51,125,341,55],"class_list":["post-3118","post","type-post","status-publish","format-standard","has-post-thumbnail","hentry","category-kirjat","tag-alv","tag-eu","tag-moscovici","tag-vero"],"_links":{"self":[{"href":"https:\/\/klaava.fi\/index.php?rest_route=\/wp\/v2\/posts\/3118","targetHints":{"allow":["GET"]}}],"collection":[{"href":"https:\/\/klaava.fi\/index.php?rest_route=\/wp\/v2\/posts"}],"about":[{"href":"https:\/\/klaava.fi\/index.php?rest_route=\/wp\/v2\/types\/post"}],"author":[{"embeddable":true,"href":"https:\/\/klaava.fi\/index.php?rest_route=\/wp\/v2\/users\/1"}],"replies":[{"embeddable":true,"href":"https:\/\/klaava.fi\/index.php?rest_route=%2Fwp%2Fv2%2Fcomments&post=3118"}],"version-history":[{"count":0,"href":"https:\/\/klaava.fi\/index.php?rest_route=\/wp\/v2\/posts\/3118\/revisions"}],"wp:featuredmedia":[{"embeddable":true,"href":"https:\/\/klaava.fi\/index.php?rest_route=\/"}],"wp:attachment":[{"href":"https:\/\/klaava.fi\/index.php?rest_route=%2Fwp%2Fv2%2Fmedia&parent=3118"}],"wp:term":[{"taxonomy":"category","embeddable":true,"href":"https:\/\/klaava.fi\/index.php?rest_route=%2Fwp%2Fv2%2Fcategories&post=3118"},{"taxonomy":"post_tag","embeddable":true,"href":"https:\/\/klaava.fi\/index.php?rest_route=%2Fwp%2Fv2%2Ftags&post=3118"}],"curies":[{"name":"wp","href":"https:\/\/api.w.org\/{rel}","templated":true}]}}