{"id":349,"date":"2009-12-15T09:17:07","date_gmt":"2009-12-15T07:17:07","guid":{"rendered":"https:\/\/klaava.fi\/?p=349"},"modified":"2009-12-15T09:17:07","modified_gmt":"2009-12-15T07:17:07","slug":"bergenin-kirjasto-norjassa-nayttaa-historiallisen-valokuvakokoelmansa-maailmalle","status":"publish","type":"post","link":"https:\/\/klaava.fi\/?p=349","title":{"rendered":"Bergenin kirjasto Norjassa n\u00e4ytt\u00e4\u00e4 historiallisen valokuvakokoelmansa maailmalle"},"content":{"rendered":"<p>Bergenin vuonokaupunki Norjassa on p\u00e4\u00e4tt\u00e4nyt jakaa kulttuurihistoriansa muun maailman kanssa. Kaupungin kirjasto laittanut hienon historiallisen valokuvakokoelmansa nettiin. <\/p>\n<p><img decoding=\"async\" src=\"\/media\/122009\/bergenpubliclibrary-griegcollection.jpg\" alt=\"Bergen Public Library, The Edvard Grieg Archives\" title=\"Bergen Public Library, The Edvard Grieg Archives\" \/><\/p>\n<p>Suositusta Flickr-kuvapalvelusta l\u00f6ytyy nyt Bergenin historiaa ja kaupungin suurmiehi\u00e4. N\u00e4ist\u00e4 tunnetuin lienee s\u00e4velt\u00e4j\u00e4 Edvard Grieg. H\u00e4nest\u00e4, h\u00e4nen perheest\u00e4\u00e4n, talostaan ja m\u00f6kist\u00e4\u00e4n on kymmeni\u00e4 kuvia. Kun p\u00e4\u00e4set Bergenin kuvagallerian sivulle, p\u00e4\u00e4set esimerkiksi Griegin kokoelmaan valitsemalla oikealta Edvard Grieg-galleria.<\/p>\n","protected":false},"excerpt":{"rendered":"<p>Bergenin vuonokaupunki Norjassa on p\u00e4\u00e4tt\u00e4nyt jakaa kulttuurihistoriansa muun maailman kanssa. Kaupungin kirjasto laittanut hienon historiallisen valokuvakokoelmansa nettiin. <\/p>\n<p><img decoding=\"async\" src=\"\/media\/122009\/bergenpubliclibrary-griegcollection.jpg\" alt=\"Bergen Public Library, The Edvard Grieg Archives\" title=\"Bergen Public Library, The Edvard Grieg Archives\" \/><\/p>\n","protected":false},"author":1,"featured_media":0,"comment_status":"open","ping_status":"open","sticky":false,"template":"","format":"standard","meta":{"footnotes":""},"categories":[1],"tags":[],"class_list":["post-349","post","type-post","status-publish","format-standard","hentry","category-yleinen"],"_links":{"self":[{"href":"https:\/\/klaava.fi\/index.php?rest_route=\/wp\/v2\/posts\/349","targetHints":{"allow":["GET"]}}],"collection":[{"href":"https:\/\/klaava.fi\/index.php?rest_route=\/wp\/v2\/posts"}],"about":[{"href":"https:\/\/klaava.fi\/index.php?rest_route=\/wp\/v2\/types\/post"}],"author":[{"embeddable":true,"href":"https:\/\/klaava.fi\/index.php?rest_route=\/wp\/v2\/users\/1"}],"replies":[{"embeddable":true,"href":"https:\/\/klaava.fi\/index.php?rest_route=%2Fwp%2Fv2%2Fcomments&post=349"}],"version-history":[{"count":0,"href":"https:\/\/klaava.fi\/index.php?rest_route=\/wp\/v2\/posts\/349\/revisions"}],"wp:attachment":[{"href":"https:\/\/klaava.fi\/index.php?rest_route=%2Fwp%2Fv2%2Fmedia&parent=349"}],"wp:term":[{"taxonomy":"category","embeddable":true,"href":"https:\/\/klaava.fi\/index.php?rest_route=%2Fwp%2Fv2%2Fcategories&post=349"},{"taxonomy":"post_tag","embeddable":true,"href":"https:\/\/klaava.fi\/index.php?rest_route=%2Fwp%2Fv2%2Ftags&post=349"}],"curies":[{"name":"wp","href":"https:\/\/api.w.org\/{rel}","templated":true}]}}