{"id":352,"date":"2009-12-16T16:06:24","date_gmt":"2009-12-16T14:06:24","guid":{"rendered":"https:\/\/klaava.fi\/?p=352"},"modified":"2009-12-16T16:06:24","modified_gmt":"2009-12-16T14:06:24","slug":"abba-nimitetaan-rock-and-roll-hall-of-fame-museoon","status":"publish","type":"post","link":"https:\/\/klaava.fi\/?p=352","title":{"rendered":"Abba nimitet\u00e4\u00e4n Rock and Roll Hall of Fame-museoon"},"content":{"rendered":"<p>Kaikkien aikojen pop-b\u00e4ndi Abba on p\u00e4\u00e4ssyt yhdysvaltalaiseen Rock and Roll Hall of Fame museoon vuodesta 2010 alkaen. Siis Abba ja rock? Kahdenkymmenen vuoden kuluttua Abba ehk\u00e4 nostetaan klassisen musiikin suurten, kuten Wolfgangin, Ludvigin ja Richardin rinnalle. <\/p>\n<p><a href=\"http:\/\/www.flickr.com\/photos\/abbamouse\/115718466\/\" title=\"Benny Andersson by abbamouse, on Flickr\"><img decoding=\"async\" src=\"http:\/\/farm1.static.flickr.com\/38\/115718466_97af85c30d.jpg\" width=\"300\" align=\"right\" alt=\"Benny Andersson\" \/><\/a><\/p>\n<p>Abba kielt\u00e4m\u00e4tt\u00e4 on t\u00e4ydellisen klassista kevytt\u00e4 musiikkia.<\/p>\n<p>Vaikka Benny Anderssonin sanoo olevansa imarreltu kunnianosoituksesta, h\u00e4nt\u00e4 my\u00f6s hieman huvittaa kulttuurierot. &#8221;Olen aina pit\u00e4nyt meit\u00e4 pop-b\u00e4ndin\u00e4, joten t\u00e4m\u00e4 tuntuu yll\u00e4tt\u00e4v\u00e4lt\u00e4. Mutta olen ymm\u00e4rt\u00e4nyt, ett\u00e4 rock&#8217;n&#8217;roll on laajempi k\u00e4site Amerikassa kuin t\u00e4\u00e4ll\u00e4 kotona&#8221;, Andersson kertoi Dagens Nyheterille.<\/p>\n<p>Samassa seurassa Abban kanssa Hall of Fameen hyv\u00e4ksyttiin Genesis, Hollies, Jimmy Cliff ja Stooges.<\/p>\n<p>Jos haluaa n\u00e4hd\u00e4 koko Hall of Fame-komeuden, matkaa kertyy Clevelandin kaupunkiin Yhdysvaltoihin saakka.<\/p>\n","protected":false},"excerpt":{"rendered":"<p>Kaikkien aikojen pop-b\u00e4ndi Abba on p\u00e4\u00e4ssyt yhdysvaltalaiseen Rock and Roll Hall of Fame museoon vuodesta 2010 alkaen. Siis Abba ja rock? Kahdenkymmenen vuoden kuluttua Abba ehk\u00e4 nostetaan klassisen musiikin suurten, kuten Wolfgangin, Ludvigin ja Richardin rinnalle. <\/p>\n<p><a href=\"http:\/\/www.flickr.com\/photos\/abbamouse\/115718466\/\" title=\"Benny Andersson by abbamouse, on Flickr\"><img decoding=\"async\" src=\"http:\/\/farm1.static.flickr.com\/38\/115718466_97af85c30d.jpg\" width=\"300\" align=\"right\" alt=\"Benny Andersson\" \/><\/a><\/p>\n<p>Abba kielt\u00e4m\u00e4tt\u00e4 on t\u00e4ydellisen klassista kevytt\u00e4 musiikkia.<\/p>\n","protected":false},"author":1,"featured_media":0,"comment_status":"open","ping_status":"open","sticky":false,"template":"","format":"standard","meta":{"footnotes":""},"categories":[1],"tags":[],"class_list":["post-352","post","type-post","status-publish","format-standard","hentry","category-yleinen"],"_links":{"self":[{"href":"https:\/\/klaava.fi\/index.php?rest_route=\/wp\/v2\/posts\/352","targetHints":{"allow":["GET"]}}],"collection":[{"href":"https:\/\/klaava.fi\/index.php?rest_route=\/wp\/v2\/posts"}],"about":[{"href":"https:\/\/klaava.fi\/index.php?rest_route=\/wp\/v2\/types\/post"}],"author":[{"embeddable":true,"href":"https:\/\/klaava.fi\/index.php?rest_route=\/wp\/v2\/users\/1"}],"replies":[{"embeddable":true,"href":"https:\/\/klaava.fi\/index.php?rest_route=%2Fwp%2Fv2%2Fcomments&post=352"}],"version-history":[{"count":0,"href":"https:\/\/klaava.fi\/index.php?rest_route=\/wp\/v2\/posts\/352\/revisions"}],"wp:attachment":[{"href":"https:\/\/klaava.fi\/index.php?rest_route=%2Fwp%2Fv2%2Fmedia&parent=352"}],"wp:term":[{"taxonomy":"category","embeddable":true,"href":"https:\/\/klaava.fi\/index.php?rest_route=%2Fwp%2Fv2%2Fcategories&post=352"},{"taxonomy":"post_tag","embeddable":true,"href":"https:\/\/klaava.fi\/index.php?rest_route=%2Fwp%2Fv2%2Ftags&post=352"}],"curies":[{"name":"wp","href":"https:\/\/api.w.org\/{rel}","templated":true}]}}