{"id":362,"date":"2009-12-22T07:18:00","date_gmt":"2009-12-22T05:18:00","guid":{"rendered":"https:\/\/klaava.fi\/?p=362"},"modified":"2009-12-22T07:18:00","modified_gmt":"2009-12-22T05:18:00","slug":"kuhmon-taidefestivaaleja-ei-tarvitse-odottaa-kesaan-asti","status":"publish","type":"post","link":"https:\/\/klaava.fi\/?p=362","title":{"rendered":"Kuhmon taidefestivaaleja ei tarvitse odottaa kes\u00e4\u00e4n asti"},"content":{"rendered":"<p>Kuhmon kamarimusiikkifestivaalit pidet\u00e4\u00e4n keskell\u00e4 kauneinta kes\u00e4\u00e4, mutta keskell\u00e4 pimeint\u00e4 talvea Kuhmossa tapahtuu my\u00f6s. Siell\u00e4 j\u00e4rjestet\u00e4\u00e4n 1-9.1.2010 Kuhmon Talvi-taidetapahtuma.<\/p>\n<p>Festivaalit aloitetaan Uuden vuoden konsertilla 1.1.2010 Jukka-Pekka Kuuselan johdolla.<\/p>\n<p>Kuvataiteilijat Juha Kettunen ja Eeva Jauhiainen laittavat teoksensa n\u00e4ytille 2.1. Samana p\u00e4iv\u00e4n\u00e4 esitet\u00e4\u00e4n Vivaldin Vuodenajat tanssin keinoin.<\/p>\n<p>Mukana on my\u00f6s satuoopperaa, Mozartia, Beethovenia, luontokuvia, rockia ja kansanmusiikkia.<\/p>\n<p>Katso koko ohjelma linkin takaa.<\/p>\n","protected":false},"excerpt":{"rendered":"<p>Kuhmon kamarimusiikkifestivaalit pidet\u00e4\u00e4n keskell\u00e4 kauneinta kes\u00e4\u00e4, mutta keskell\u00e4 pimeint\u00e4 talvea Kuhmossa tapahtuu my\u00f6s. Siell\u00e4 j\u00e4rjestet\u00e4\u00e4n 1-9.1.2010 Kuhmon Talvi-taidetapahtuma.<\/p>\n<p>Festivaalit aloitetaan Uuden vuoden konsertilla 1.1.2010 Jukka-Pekka Kuuselan johdolla.<\/p>\n<p>Kuvataiteilijat Juha Kettunen ja Eeva Jauhiainen laittavat teoksensa n\u00e4ytille 2.1. Samana p\u00e4iv\u00e4n\u00e4 esitet\u00e4\u00e4n Vivaldin Vuodenajat tanssin keinoin.<\/p>\n<p>Mukana on my\u00f6s satuoopperaa, Mozartia, Beethovenia, luontokuvia, rockia ja kansanmusiikkia.<\/p>\n<p>Katso koko ohjelma linkin takaa.<\/p>\n","protected":false},"author":7,"featured_media":0,"comment_status":"open","ping_status":"open","sticky":false,"template":"","format":"standard","meta":{"footnotes":""},"categories":[1],"tags":[],"class_list":["post-362","post","type-post","status-publish","format-standard","hentry","category-yleinen"],"_links":{"self":[{"href":"https:\/\/klaava.fi\/index.php?rest_route=\/wp\/v2\/posts\/362","targetHints":{"allow":["GET"]}}],"collection":[{"href":"https:\/\/klaava.fi\/index.php?rest_route=\/wp\/v2\/posts"}],"about":[{"href":"https:\/\/klaava.fi\/index.php?rest_route=\/wp\/v2\/types\/post"}],"author":[{"embeddable":true,"href":"https:\/\/klaava.fi\/index.php?rest_route=\/wp\/v2\/users\/7"}],"replies":[{"embeddable":true,"href":"https:\/\/klaava.fi\/index.php?rest_route=%2Fwp%2Fv2%2Fcomments&post=362"}],"version-history":[{"count":0,"href":"https:\/\/klaava.fi\/index.php?rest_route=\/wp\/v2\/posts\/362\/revisions"}],"wp:attachment":[{"href":"https:\/\/klaava.fi\/index.php?rest_route=%2Fwp%2Fv2%2Fmedia&parent=362"}],"wp:term":[{"taxonomy":"category","embeddable":true,"href":"https:\/\/klaava.fi\/index.php?rest_route=%2Fwp%2Fv2%2Fcategories&post=362"},{"taxonomy":"post_tag","embeddable":true,"href":"https:\/\/klaava.fi\/index.php?rest_route=%2Fwp%2Fv2%2Ftags&post=362"}],"curies":[{"name":"wp","href":"https:\/\/api.w.org\/{rel}","templated":true}]}}