{"id":4031,"date":"2018-06-22T10:49:42","date_gmt":"2018-06-22T07:49:42","guid":{"rendered":"https:\/\/klaava.fi\/?p=4031"},"modified":"2018-06-22T10:49:42","modified_gmt":"2018-06-22T07:49:42","slug":"kesan-2018-kirjatapahtumat-maassa-jossa-vieraiden-mielesta-asuu-rehellinen-heimo","status":"publish","type":"post","link":"https:\/\/klaava.fi\/?p=4031","title":{"rendered":"Kes\u00e4n 2018 kirjatapahtumat maassa, jossa vieraiden mielest\u00e4 asuu rehellinen heimo"},"content":{"rendered":"<p>Kes\u00e4 on Suomessa festivaalien ja tapahtumien aikaa, sill\u00e4 my\u00f6s pienet kunnat saavat lomailijoita vieraikseen ja k\u00e4vij\u00f6it\u00e4 tapahtumiin. My\u00f6s kirja-aiheisia tapahtumia on monenlaisia parhaaseen loma-aikaan. T\u00e4ss\u00e4 kes\u00e4n 2018 kirjatapahtumat.<br \/>\n<a href=\"https:\/\/klaava.fi\/media\/2018\/06\/kirjoja-turun-kirjamessuilla-3-1200.jpg\"><img loading=\"lazy\" decoding=\"async\" src=\"https:\/\/klaava.fi\/media\/2018\/06\/kirjoja-turun-kirjamessuilla-3-1200-1024x768.jpg\" alt=\"kirjamessut, kirjatarjontaa\" width=\"625\" height=\"469\" class=\"aligncenter size-large wp-image-4033\" \/><\/a><br \/>\nKes\u00e4 on toki monelle alkanut aikaisemmin kuin juhannuksena, mutta kirjatapahtumien kalenterimme alkaa joka tapauksessa siit\u00e4. Siin\u00e4 ei ole mit\u00e4\u00e4n ihmeellist\u00e4, ett\u00e4 vuoden pisimm\u00e4n p\u00e4iv\u00e4n juhlaviikonloppuna ei kirjallisia tapahtumia j\u00e4rjestet\u00e4, sill\u00e4 kansa suuntaa metsiin ja j\u00e4rville ilmeisesti joko seuraamaan hyttysten inin\u00e4\u00e4 tai jalkapallon MM-kisoja.<\/p>\n<p>Kes\u00e4n 2018 kirjatapahtumat:<\/p>\n<p class=\"listindent\">\n29.-30.6. <a href=\"https:\/\/vanhankirjallisuudenpaivat.com\/\">Vanhan kirjallisuuden p\u00e4iv\u00e4t<\/a>, Sastamala. Kirjailijoita ja kirjakauppiaita Sastamalan keskustassa (my\u00f6s uusia kirjoja ja kirjailijoita).<br \/>\n6.-8.7. <a href=\"http:\/\/www.sysmankirjakylayhdistys.fi\/\">Sysm\u00e4n kirjakyl\u00e4p\u00e4iv\u00e4t<\/a>, Sysm\u00e4. Torilla l\u00e4hinn\u00e4 k\u00e4ytettyjen kirjojen kauppiaita, my\u00f6s joitakin kirjailijoita k\u00e4y paikalla.<br \/>\n11.-15.7. <a href=\"http:\/\/www.vkkustavissa.fi\/?setlang=fi\">Volter Kilpi \u2013kirjallisuusviikko<\/a>, Kustavi. Teemana on K\u00e4rh\u00e4m\u00e4 &#8211; sota, riita ja ristiriita. Turun saaristo tarjoaa s\u00e4\u00e4n ja maisemat, joten se puoli on kunnossa.<br \/>\n12.-14.7. <a href=\"https:\/\/booktori.wordpress.com\/\">Antikvaarinen kirjamyyntitapahtuma Booktori<\/a>, Turku. Teemana t\u00e4n\u00e4 vuonna sarjakuvat.<br \/>\n15.7. <a href=\"https:\/\/booktori.wordpress.com\/ohjelma\/\">Kovan rahan kirjap\u00e4iv\u00e4<\/a>, Turku. Mik\u00e4li viel\u00e4 taskussa py\u00f6rii muutama euro, niill\u00e4 voi tehd\u00e4 edulliset kaupat torilla. Loput kirjat myyd\u00e4\u00e4n pohjahintaan.<br \/>\n29.7-5.8. <a href=\"http:\/\/pentinkulmanpaivat.fi\/\">Pentinkulman p\u00e4iv\u00e4t<\/a>, Urjala. Keskustelujen, puheiden ja musiikin lis\u00e4ksi tapahtumassa voi my\u00f6s opiskella kirjoittamista.<br \/>\n3.-4.8. <a href=\"http:\/\/www.sysmankirjakylayhdistys.fi\/\">Kirjojen y\u00f6<\/a>, Sysm\u00e4. Teatteritalolla ja kirjakaupalla kirjallista ohjelmaa.<br \/>\n1.9. <a href=\"http:\/\/www.tyovaenkirjallisuudenpaiva.com\/\">Ty\u00f6v\u00e4enkirjallisuuden p\u00e4iv\u00e4<\/a>, Tampere. Presidentti Tarja Halonen saapuu avaamaan tapahtuman, jossa puhutaan ainakin 100 vuoden takaisesta sis\u00e4llissodasta.\n<\/p>\n<p>Kes\u00e4n j\u00e4lkeen onkin aikaa toipua ja odottaa syksyn suuria kirjamessuja:<br \/>\n5.-7.10. <a href=\"http:\/\/www.kirjamessut.fi\/\">Turun kirjamessut<\/a>.<br \/>\n25.-28.10. <a href=\"https:\/\/kirjamessut.messukeskus.com\/\">Helsingin kirjamessut<\/a>.<\/p>\n<p>Rehellinen heimo on viittaus k\u00e4sitteeseen The Honest Tribe, josta viime aikoina ovat uutisoineet ainakin BBC ja Readers Digest. Englantilainen kirjailija <a href=\"https:\/\/klaava.com\/the-honest-tribe\/\">Max Boyle on kirjoittanut kokonaisen kirjan The Honest Tribe<\/a> suomalaisista omien kokemustensa pohjalta.<\/p>\n","protected":false},"excerpt":{"rendered":"<p>Kes\u00e4 on Suomessa festivaalien ja tapahtumien aikaa, sill\u00e4 my\u00f6s pienet kunnat saavat lomailijoita vieraikseen ja k\u00e4vij\u00f6it\u00e4 tapahtumiin. My\u00f6s kirja-aiheisia tapahtumia on monenlaisia parhaaseen loma-aikaan. T\u00e4ss\u00e4 kes\u00e4n 2018 kirjatapahtumat. Kes\u00e4 on toki monelle alkanut aikaisemmin kuin&hellip; <a href=\"https:\/\/klaava.fi\/?p=4031\">More<\/a><\/p>\n","protected":false},"author":1,"featured_media":4033,"comment_status":"open","ping_status":"closed","sticky":false,"template":"","format":"standard","meta":{"footnotes":""},"categories":[4],"tags":[603,151,118,604],"class_list":["post-4031","post","type-post","status-publish","format-standard","has-post-thumbnail","hentry","category-kirjat","tag-festivaali","tag-kesa","tag-kirjatapahtuma","tag-messut"],"_links":{"self":[{"href":"https:\/\/klaava.fi\/index.php?rest_route=\/wp\/v2\/posts\/4031","targetHints":{"allow":["GET"]}}],"collection":[{"href":"https:\/\/klaava.fi\/index.php?rest_route=\/wp\/v2\/posts"}],"about":[{"href":"https:\/\/klaava.fi\/index.php?rest_route=\/wp\/v2\/types\/post"}],"author":[{"embeddable":true,"href":"https:\/\/klaava.fi\/index.php?rest_route=\/wp\/v2\/users\/1"}],"replies":[{"embeddable":true,"href":"https:\/\/klaava.fi\/index.php?rest_route=%2Fwp%2Fv2%2Fcomments&post=4031"}],"version-history":[{"count":0,"href":"https:\/\/klaava.fi\/index.php?rest_route=\/wp\/v2\/posts\/4031\/revisions"}],"wp:featuredmedia":[{"embeddable":true,"href":"https:\/\/klaava.fi\/index.php?rest_route=\/"}],"wp:attachment":[{"href":"https:\/\/klaava.fi\/index.php?rest_route=%2Fwp%2Fv2%2Fmedia&parent=4031"}],"wp:term":[{"taxonomy":"category","embeddable":true,"href":"https:\/\/klaava.fi\/index.php?rest_route=%2Fwp%2Fv2%2Fcategories&post=4031"},{"taxonomy":"post_tag","embeddable":true,"href":"https:\/\/klaava.fi\/index.php?rest_route=%2Fwp%2Fv2%2Ftags&post=4031"}],"curies":[{"name":"wp","href":"https:\/\/api.w.org\/{rel}","templated":true}]}}