{"id":4207,"date":"2018-10-04T10:32:27","date_gmt":"2018-10-04T07:32:27","guid":{"rendered":"https:\/\/klaava.fi\/?p=4207"},"modified":"2018-10-04T10:32:27","modified_gmt":"2018-10-04T07:32:27","slug":"eu-sallii-e-kirjoille-tasavertaisen-verokohtelun-painetun-median-kanssa","status":"publish","type":"post","link":"https:\/\/klaava.fi\/?p=4207","title":{"rendered":"EU sallii e-kirjoille tasavertaisen verokohtelun painetun median kanssa"},"content":{"rendered":"<p>Euroopan Unionin j\u00e4senmaiden valtiovarainministerit ovat <a href=\"https:\/\/www.reuters.com\/article\/us-eu-tax-ebooks\/eu-agrees-on-lower-sales-tax-for-e-books-online-papers-idUSKCN1MC0UH\">kokouksessaan Luxemburgissa<\/a> p\u00e4\u00e4sseet sopimukseen digitaalisten julkaisujen arvonlis\u00e4verokohtelusta. Jatkossa jokainen EU maa voi p\u00e4\u00e4tt\u00e4\u00e4 kohteleeko se e-kirjojen ja muiden s\u00e4hk\u00f6isten julkaisujen verotusta eri tavalla vai samoin kuin perinteisen median tuotteiden verotusta.<br \/>\n<a href=\"https:\/\/klaava.fi\/media\/2015\/04\/kindle-bookstack_05-800.jpg\"><img loading=\"lazy\" decoding=\"async\" src=\"https:\/\/klaava.fi\/media\/2015\/04\/kindle-bookstack_05-800.jpg\" alt=\"Amazon Kindle lukulaite ja kirjapino\" width=\"787\" height=\"573\" class=\"alignright size-full wp-image-2309\" \/><\/a><br \/>\nT\u00e4h\u00e4n asti EU on m\u00e4\u00e4ritellyt digitaaliset mediatuotteet palveluiksi, joihin on sovellettu korkeinta arvonlis\u00e4veroa, esimerkiksi Suomessa 24%. E-kirjan ja \u00e4\u00e4nikirjan hinnassa on siis ollut voimassa korkein verotaso, kun taas painetun kirjan ALV on 10% ja sanomalehden 10%.<\/p>\n<p>Mik\u00e4li EU j\u00e4senmaa Suomi katsoo kohtuulliseksi laskea digitaalisten tuotteiden veroa, pian sen voi tehd\u00e4. Valtiovarainministeri Petteri Orpo on jo aiemmin <a href=\"https:\/\/www.mtv.fi\/uutiset\/ulkomaat\/artikkeli\/eu-maat-paasivat-vihdoin-sopuun-digilehtien-veronalennuksesta\/7097652#gs.Xa9QWgA\">puoltanut digitaalisten lehtien veron laskemista<\/a>.<\/p>\n<p>EU on uudistamassa koko arvonlis\u00e4veroj\u00e4rjestelm\u00e4\u00e4, joka ilmeisesti on vaikuttanut digitaalisten tuotteiden verotuksen kohtuullistamisen pitk\u00e4\u00e4n prosessiin. Nyt muutos kuitenkin sallitaan v\u00e4liaikaisena toimenpiteen\u00e4 ennen kuin arvonlis\u00e4j\u00e4rjestelm\u00e4n remontti on valmis.<\/p>\n<p>&#8221;ECOFIN on hyv\u00e4ksynyt EU Komission ehdotuksen ALV:n v\u00e4hent\u00e4miseksi verkkolehdille ja digitaalisille julkaisuille. S\u00e4hk\u00f6inen kirja on kirja ja s\u00e4hk\u00f6inen lehti on lehti! Hyv\u00e4 uutinen lehdist\u00f6lle ja kulttuurisektorille&#8221;, riemuitsi EU:n talouskomissaari <a href=\"https:\/\/twitter.com\/pierremoscovici\/status\/1047040101157617664\">Pierre Moscovici Twitteriss\u00e4<\/a> kun sopimus oli syntynyt. Riemuitsemme asiasta Moscovicin kanssa, sill\u00e4 jo <a href=\"https:\/\/klaava.fi\/?p=3118\">kaksi vuotta sitten<\/a> h\u00e4n sanoi ajavansa asian l\u00e4pi muutamassa kuukaudessa.<\/p>\n<h2>Laskevatko e-kirjojen ja \u00e4\u00e4nikirjojen hinnat tai verkkolehtien tilausmaksut?<\/h2>\n<p>Verkkolehden tie lukijalle on suora: siin\u00e4 ei yleens\u00e4 ole v\u00e4lik\u00e4si\u00e4. Kunkin maksullisen lehden julkaisija voi pohtia miten hinnoittelu menekkiin vaikuttaa.<\/p>\n<p>E-kirjojen ja \u00e4\u00e4nikirjojen kohdalla tilanne on toinen. Tyypillisesti e-kirjan kustantaja myy tuotteen kaupalle, joka myy sen kuluttajalle. Joissakin tapauksissa kustantajan ja kaupan v\u00e4liss\u00e4 on viel\u00e4 lis\u00e4porras: jakelija (kyll\u00e4, my\u00f6s digitaalisissa kirjoissa voi olla sellainen v\u00e4lik\u00e4si). Jokaisella osapuolella on teht\u00e4v\u00e4ns\u00e4, ja jokainen ottaa oman siivunsa tuotteen myyntihinnasta. Siirtyyk\u00f6 mahdollinen arvonlis\u00e4veron alennus kokonaan kuluttajalle asti ei ole aivan itsest\u00e4\u00e4n selv\u00e4\u00e4, mutta koko alan kannalta se olisi hyv\u00e4 siirto vauhdittamaan kasvua.<\/p>\n","protected":false},"excerpt":{"rendered":"<p>Euroopan Unionin j\u00e4senmaiden valtiovarainministerit ovat kokouksessaan Luxemburgissa p\u00e4\u00e4sseet sopimukseen digitaalisten julkaisujen arvonlis\u00e4verokohtelusta. Jatkossa jokainen EU maa voi p\u00e4\u00e4tt\u00e4\u00e4 kohteleeko se e-kirjojen ja muiden s\u00e4hk\u00f6isten julkaisujen verotusta eri tavalla vai samoin kuin perinteisen median tuotteiden verotusta.&hellip; <a href=\"https:\/\/klaava.fi\/?p=4207\">More<\/a><\/p>\n","protected":false},"author":1,"featured_media":2309,"comment_status":"open","ping_status":"closed","sticky":false,"template":"","format":"standard","meta":{"footnotes":""},"categories":[21],"tags":[51,126,125,93,414,341,646,647,55],"class_list":["post-4207","post","type-post","status-publish","format-standard","has-post-thumbnail","hentry","category-e-kirjat","tag-alv","tag-digitaalinen","tag-eu","tag-kirja","tag-komissio","tag-moscovici","tag-painettu","tag-sanomalehti","tag-vero"],"_links":{"self":[{"href":"https:\/\/klaava.fi\/index.php?rest_route=\/wp\/v2\/posts\/4207","targetHints":{"allow":["GET"]}}],"collection":[{"href":"https:\/\/klaava.fi\/index.php?rest_route=\/wp\/v2\/posts"}],"about":[{"href":"https:\/\/klaava.fi\/index.php?rest_route=\/wp\/v2\/types\/post"}],"author":[{"embeddable":true,"href":"https:\/\/klaava.fi\/index.php?rest_route=\/wp\/v2\/users\/1"}],"replies":[{"embeddable":true,"href":"https:\/\/klaava.fi\/index.php?rest_route=%2Fwp%2Fv2%2Fcomments&post=4207"}],"version-history":[{"count":0,"href":"https:\/\/klaava.fi\/index.php?rest_route=\/wp\/v2\/posts\/4207\/revisions"}],"wp:featuredmedia":[{"embeddable":true,"href":"https:\/\/klaava.fi\/index.php?rest_route=\/"}],"wp:attachment":[{"href":"https:\/\/klaava.fi\/index.php?rest_route=%2Fwp%2Fv2%2Fmedia&parent=4207"}],"wp:term":[{"taxonomy":"category","embeddable":true,"href":"https:\/\/klaava.fi\/index.php?rest_route=%2Fwp%2Fv2%2Fcategories&post=4207"},{"taxonomy":"post_tag","embeddable":true,"href":"https:\/\/klaava.fi\/index.php?rest_route=%2Fwp%2Fv2%2Ftags&post=4207"}],"curies":[{"name":"wp","href":"https:\/\/api.w.org\/{rel}","templated":true}]}}