{"id":4369,"date":"2018-12-28T11:13:14","date_gmt":"2018-12-28T08:13:14","guid":{"rendered":"https:\/\/klaava.fi\/?p=4369"},"modified":"2018-12-28T11:13:14","modified_gmt":"2018-12-28T08:13:14","slug":"parhaat-muinaiset-nahtavyydet-espanjan-valenciassa","status":"publish","type":"post","link":"https:\/\/klaava.fi\/?p=4369","title":{"rendered":"Parhaat muinaiset n\u00e4ht\u00e4vyydet Espanjan Valenciassa"},"content":{"rendered":"<p>Valenciaa luonnehditaan matkaoppaassa vastakohtien kaupungiksi. Se on Valencian erityisominaisuus, mik\u00e4 tekee kaupungista mielenkiintoisen matkakohteen my\u00f6s niille, jotka uskovat n\u00e4hneens\u00e4 kaiken. Ikivanha kaupungin keskusta on suhteellisen laaja, ja eritt\u00e4in el\u00e4v\u00e4 alue ravintoloineen ja kauppoineen. Vartin k\u00e4velymatkan p\u00e4\u00e4ss\u00e4 sijaitseva ultramoderni taide- ja tiedekeskus puolestaan heng\u00e4stytt\u00e4\u00e4 komeudellaan. T\u00e4ss\u00e4 artikkelissa esitell\u00e4\u00e4n Valencian viisi parasta historiallista n\u00e4ht\u00e4vyytt\u00e4.<\/p>\n<p>N\u00e4ht\u00e4vyydet ja kuvat ovat opaskirjasta <a href=\"https:\/\/klaava.com\/valencia-spain-klaava-travel-guide\/\">Valencia, Spain \u2013 The Key Sights, Places, and Events<\/a> (julkaistu Klaava Travel Guide -kirjasarjassa).<\/p>\n<h2>Plaza de la Virgen<\/h2>\n<p><a href=\"https:\/\/klaava.fi\/media\/2018\/12\/traffic-plaza-dela-virgen-guided-bicycle-tour-1200.jpg\"><img loading=\"lazy\" decoding=\"async\" src=\"https:\/\/klaava.fi\/media\/2018\/12\/traffic-plaza-dela-virgen-guided-bicycle-tour-1200-1024x792.jpg\" alt=\"Plaza de la Virgen, Valencia, Espanja\" width=\"625\" height=\"483\" class=\"aligncenter size-large wp-image-4371\" \/><\/a><br \/>\nPlaza de la Virgen \u2013aukion paikalla oli jo roomalaisten valtaapit\u00e4vien aikaan kaupungin t\u00e4rkein paikka, Roman Forum. T\u00e4n\u00e4 p\u00e4iv\u00e4n\u00e4 aukio on turistimagneetti, jonne jokaisen itse\u00e4\u00e4n kunnioittavan selfie-kuvaajan on tultava nappaamaan kuva suihkul\u00e4hteen \u00e4\u00e4rell\u00e4.<\/p>\n<p>T\u00e4rkeimm\u00e4t historialliset rakennukset aukion ymp\u00e4rill\u00e4 ovat:<\/p>\n<p class=\"listindent\">\nBasilica Virgen de los Desamparados<br \/>\nCathedral<br \/>\nPalau de la Generalitat<br \/>\nSuihkul\u00e4hde on suhteellisen uusi, vuodelta 1976.\n<\/p>\n<h2>La Lonja<\/h2>\n<p><a href=\"https:\/\/klaava.fi\/media\/2018\/12\/intro-lonja-door-side-decoration-800.jpg\"><img loading=\"lazy\" decoding=\"async\" src=\"https:\/\/klaava.fi\/media\/2018\/12\/intro-lonja-door-side-decoration-800-291x300.jpg\" alt=\"La Lonja ovi koristekaiverrus, Valencia, Espanja\" width=\"291\" height=\"300\" class=\"aligncenter size-medium wp-image-4373\" \/><\/a><br \/>\nVuonna 1533 valmistunut La Lonja \u2013rakennus tehtiin alun perin kauppiaiden neuvottelutilaksi. Ei ehk\u00e4 kuulosta kovin j\u00e4nnitt\u00e4v\u00e4lt\u00e4, mutta rakennus on aivan mahtava sis\u00e4lt\u00e4. Kaupunki investoi tiloihin aikoinaan paljon rahaa, sill\u00e4 siihen aikaan Valencia oli silkkikaupan keskus. Kauppiaat l\u00e4helt\u00e4 ja kaukaa tulivat sinne solmimaan sopimuksia, joten heille haluttiin n\u00e4ytt\u00e4\u00e4 vaurautta.<\/p>\n<p>Arkkitehdit Pere Compte and Joan Ibarra valvoivat La Lonjan rakentamista 50 vuotta. Nyky\u00e4\u00e4n se on Unescon maailmanperint\u00f6kohde.<\/p>\n<h2>Barrio del Carmen -alue<\/h2>\n<p><a href=\"https:\/\/klaava.fi\/media\/2018\/12\/top5-carme-night-scene02-1200.jpg\"><img loading=\"lazy\" decoding=\"async\" src=\"https:\/\/klaava.fi\/media\/2018\/12\/top5-carme-night-scene02-1200-1024x580.jpg\" alt=\"Barrio del Carmen, Valencia Espanja\" width=\"625\" height=\"354\" class=\"aligncenter size-large wp-image-4374\" \/><\/a><br \/>\nBarrio del Carmen on Valencian vanhin alue. Kapeilla kujilla kaikki pieni\u00e4 vanhoja taloja ei ole jaksettu pit\u00e4\u00e4 kunnossa, vaan ne rapautuvat rauhassa. Plaza de Tossalin suunnalla on runsaasti kahviloita ja baareja, mutta p\u00e4\u00e4osin alue on hiljainen. <\/p>\n<p>T\u00e4m\u00e4 osa kaupungista oli aikoinaan saari Turia-joessa. Kaupunki laajeni etel\u00e4\u00e4n ja liittyi mantereeseen. Koko Turia-joki k\u00e4\u00e4nnettiin virtaamaan kaupungin ohi vuoden 1956 valtavien tulvien j\u00e4lkeen.<\/p>\n<h2>Plaza de Ayuntamiento<\/h2>\n<p><a href=\"https:\/\/klaava.fi\/media\/2018\/12\/iceskating-plazade-ayuntamiento-christmas_05-1000.jpg\"><img loading=\"lazy\" decoding=\"async\" src=\"https:\/\/klaava.fi\/media\/2018\/12\/iceskating-plazade-ayuntamiento-christmas_05-1000.jpg\" alt=\"Plaza de Ayuntamiento, joulu luistelua, Valencia\" width=\"1000\" height=\"615\" class=\"aligncenter size-full wp-image-4375\" \/><\/a><br \/>\nTalot kaupungintalon aukion ymp\u00e4rill\u00e4 ovat suuria, korkeita ja n\u00e4ytt\u00e4v\u00e4sti koristeltuja. Vanhan kaupungin suurimman aukion paraatipaikalla n\u00e4ytet\u00e4\u00e4n, ett\u00e4 ei olla k\u00f6yhi\u00e4 eik\u00e4 kipeit\u00e4. Aukio on monen fiestan tapahtumapaikka, kuten Fallas-juhlien yksi paikka helmi-maaliskuussa.<\/p>\n<p>1800-luvulle asti Convento de San Francisco \u2013luostari oli nykyisen aukion paikalla. Luostari ei kuitenkaan pystynyt pit\u00e4m\u00e4\u00e4n aluetta kunnossa, jolloin kaupunki p\u00e4\u00e4tti siirt\u00e4\u00e4 kaupungintalon Plaza de la Virgen \u2013aukiolta paikalle, ja samalla raivata tilaa suurelle aukiolle.<\/p>\n<h2>Torres de Serranos<\/h2>\n<p><a href=\"https:\/\/klaava.fi\/media\/2018\/12\/torres-de-serranos-morningsun1-800.jpg\"><img loading=\"lazy\" decoding=\"async\" src=\"https:\/\/klaava.fi\/media\/2018\/12\/torres-de-serranos-morningsun1-800-779x1024.jpg\" alt=\"Torres de Serranos, Valencia, Espanja, Etel\u00e4-Eurooppa\" width=\"625\" height=\"822\" class=\"aligncenter size-large wp-image-4376\" \/><\/a><br \/>\nValencian ymp\u00e4rill\u00e4 on eri aikakausilla ollut kolme suojamuuria, toinen toistaan pidempi\u00e4. Ainoastaan kaksi porttia vartiotorneineen on en\u00e4\u00e4 j\u00e4ljell\u00e4 mahtavista muureista: Torres de Serranos ja Torres de Quart. <\/p>\n<p>Torres de Serranos on keskeill\u00e4 paikalla Plaza de la Virgen \u2013aukion, katedraalin ja Turia-puiston l\u00e4hell\u00e4. Massiviset tornit rakennettiin 1392-1398. Torneihin p\u00e4\u00e4see kiipe\u00e4m\u00e4\u00e4n yl\u00f6s asti, mist\u00e4 saa hieman n\u00e4kym\u00e4\u00e4 kaupunkiin. Kattojen yli n\u00e4kymi\u00e4 etsiv\u00e4n on kuitenkin syyt\u00e4 suunnata Santa Catalina \u2013kirkon torniin tai Ateneo-rakennuksen yl\u00e4baarin.<\/p>\n<p>Lue lis\u00e4\u00e4 <a href=\"https:\/\/klaava.com\/valencia-spain-klaava-travel-guide\/\">Valenciasta englanninkielisest\u00e4 matkaoppaasta, joka on runsaasti kuvitettu ja kartoitettu.<br \/>\n<img loading=\"lazy\" decoding=\"async\" src=\"https:\/\/klaava.fi\/media\/2018\/12\/cover-valencia-180.png\" alt=\"matkaopas Valencia, Spain -kirjan kansikuva\" width=\"180\" height=\"242\" class=\"aligncenter size-full wp-image-4378\" \/><\/a><\/p>\n","protected":false},"excerpt":{"rendered":"<p>Valenciaa luonnehditaan matkaoppaassa vastakohtien kaupungiksi. Se on Valencian erityisominaisuus, mik\u00e4 tekee kaupungista mielenkiintoisen matkakohteen my\u00f6s niille, jotka uskovat n\u00e4hneens\u00e4 kaiken. Ikivanha kaupungin keskusta on suhteellisen laaja, ja eritt\u00e4in el\u00e4v\u00e4 alue ravintoloineen ja kauppoineen. Vartin k\u00e4velymatkan&hellip; <a href=\"https:\/\/klaava.fi\/?p=4369\">More<\/a><\/p>\n","protected":false},"author":1,"featured_media":4371,"comment_status":"open","ping_status":"closed","sticky":false,"template":"","format":"standard","meta":{"footnotes":""},"categories":[21],"tags":[116,74,325,62,684,685,686],"class_list":["post-4369","post","type-post","status-publish","format-standard","has-post-thumbnail","hentry","category-e-kirjat","tag-espanja","tag-historia","tag-kaupunki","tag-matkaopas","tag-nahtavyys","tag-valencia","tag-vanha"],"_links":{"self":[{"href":"https:\/\/klaava.fi\/index.php?rest_route=\/wp\/v2\/posts\/4369","targetHints":{"allow":["GET"]}}],"collection":[{"href":"https:\/\/klaava.fi\/index.php?rest_route=\/wp\/v2\/posts"}],"about":[{"href":"https:\/\/klaava.fi\/index.php?rest_route=\/wp\/v2\/types\/post"}],"author":[{"embeddable":true,"href":"https:\/\/klaava.fi\/index.php?rest_route=\/wp\/v2\/users\/1"}],"replies":[{"embeddable":true,"href":"https:\/\/klaava.fi\/index.php?rest_route=%2Fwp%2Fv2%2Fcomments&post=4369"}],"version-history":[{"count":0,"href":"https:\/\/klaava.fi\/index.php?rest_route=\/wp\/v2\/posts\/4369\/revisions"}],"wp:featuredmedia":[{"embeddable":true,"href":"https:\/\/klaava.fi\/index.php?rest_route=\/"}],"wp:attachment":[{"href":"https:\/\/klaava.fi\/index.php?rest_route=%2Fwp%2Fv2%2Fmedia&parent=4369"}],"wp:term":[{"taxonomy":"category","embeddable":true,"href":"https:\/\/klaava.fi\/index.php?rest_route=%2Fwp%2Fv2%2Fcategories&post=4369"},{"taxonomy":"post_tag","embeddable":true,"href":"https:\/\/klaava.fi\/index.php?rest_route=%2Fwp%2Fv2%2Ftags&post=4369"}],"curies":[{"name":"wp","href":"https:\/\/api.w.org\/{rel}","templated":true}]}}