{"id":5140,"date":"2020-04-19T10:46:00","date_gmt":"2020-04-19T10:46:00","guid":{"rendered":"https:\/\/klaava.fi\/?p=5140"},"modified":"2020-04-19T10:46:00","modified_gmt":"2020-04-19T10:46:00","slug":"meheva-riita-kehitteilla-sosiaalisen-median-palveluiden-tavasta-kahmia-kayttajien-tekijanoikeuksia","status":"publish","type":"post","link":"https:\/\/klaava.fi\/?p=5140","title":{"rendered":"Mehev\u00e4 riita kehitteill\u00e4 sosiaalisen median palveluiden tavasta kahmia k\u00e4ytt\u00e4jien tekij\u00e4noikeuksia"},"content":{"rendered":"\n<div class=\"wp-block-image\"><figure class=\"aligncenter size-large is-resized\"><img loading=\"lazy\" decoding=\"async\" src=\"https:\/\/klaava.fi\/media\/2018\/09\/PPL_212.jpg\" alt=\"valokuvaaja kukkaniityll\u00e4\" class=\"wp-image-4199\" width=\"534\" height=\"350\"\/><\/figure><\/div>\n\n\n\n<p>Kun perustan tilin sosiaalisen median palveluun, kuten Twitteriin, Instagramiin tai Facebookiin ja  ilahdutan maailmaa upeilla ajatuksillani ja viel\u00e4 upeimmilla kuvillani, olen jo luovuttanut palvelua py\u00f6ritt\u00e4v\u00e4lle yritykselle melkoisen siivun tekij\u00e4noikeuksistani silloin kun hyv\u00e4ksyin k\u00e4ytt\u00f6ehdot. Miten suuri t\u00e4m\u00e4 tekij\u00e4noikeussiivu ihan konkreettisesti on? T\u00e4st\u00e4 on nyt syntynyt huomionarvoinen kiista Yhdysvalloissa.<\/p>\n\n\n\n<p>Ammattivalokuvaaja <a href=\"https:\/\/stephaniesinclair.com\/\">Stephanie Sinclair<\/a>, jonka kuvia ovat julkaisseet esimerkiksi The New York Times ja National Geographic nosti syytteen Mashable-julkaisua vastaan h\u00e4nen kuvansa luvattomasta julkaisusta. Sinclair oli itse laittanut kuvan julkiseen Instagram-albumiinsa. Sielt\u00e4 kuvan oli l\u00f6yt\u00e4nyt suosittu Mashable-verkkojulkaisu.<\/p>\n\n\n\n<p>Mashable yritti ostaa kuvan julkaisuoikeuden Sinclairilta 50 dollarilla. Kauppoja ei syntynyt. Sen j\u00e4lkeen <a href=\"https:\/\/mashable.com\/2016\/03\/19\/female-photojournalists-social-justice\/?europe=true\">Mashable k\u00e4ytti<\/a> Instagramissa (ja monissa muissa palveluissa) saatavilla olevaa sis\u00e4ll\u00f6n liitt\u00e4mistoimintoa (embed), jonka avulla haluttu kuva tai video tulee n\u00e4kyviin haluttuun kohtaan mit\u00e4 tahansa muuta julkaisua. Sinclair katsoi Mashablen rikkoneen h\u00e4nen tekij\u00e4noikeuksiaan liitt\u00e4m\u00e4ll\u00e4 kuvan artikkeliin ja nosti syytteen.<\/p>\n\n\n\n<p>Oikeudenk\u00e4ynti p\u00e4\u00e4ttyi &#8211; tai pikemmin ensimm\u00e4inen osa mahdollisesti kehittyv\u00e4ss\u00e4 jatkosarjassa &#8211; Mashablen ja Instagramin voittoon. Huhtikuussa 2020 yht\u00e4 aluetta edustava <a href=\"https:\/\/www.hollywoodreporter.com\/thr-esq\/court-rules-photographer-gave-up-licensing-rights-by-posting-instagram-1290170\">tuomari Yhdysvalloissa katsoi Sinclairin luovuttaneen<\/a> kuvan oikeuksista valtaosan Instagramille:<\/p>\n\n\n\n<ul class=\"wp-block-list\"><li> &#8221;[Sinclair] luovutti Instagramille oikeuden edelleen lisensoida valokuva.  Instagram k\u00e4ytti oikeuttaan aivan oikein sallimalla Mashablen esitt\u00e4\u00e4 valokuva.&#8221;<\/li><li> Sinclairin hyv\u00e4ksyess\u00e4 Instagramin k\u00e4ytt\u00f6ehdot h\u00e4n my\u00f6s luovutti Instagramille sen ehtojen mukaisen &#8221;ei-yksinoikeuden, ilman eri korvausta, rojaltivapaan, siirrett\u00e4v\u00e4n, edelleen lisensoitavan, maailmanlaajuisen lisenssin sis\u00e4lt\u00f6\u00f6n&#8221;.<\/li><li> Kun Sinclair &#8221;tallensi valokuvan Instagramiin ja luokitteli sen julkiseksi, h\u00e4n antoi oikeuden Instagramin sis\u00e4lt\u00f6jen edelleenlisensoijalle Mashable-julkaisulle sis\u00e4llytt\u00e4\u00e4 valokuva verkkosivulleen&#8221;.<\/li><\/ul>\n\n\n\n<p>Kaksi vuotta aikaisemmin New Yorkissa tuomari oli p\u00e4\u00e4tt\u00e4nyt vastaavassa tapauksessa toisin. Amerikkalaisen jalkapallon t\u00e4htipelaaja Tom Brady k\u00e4vi oikeutta, jonka lopputuloksena todettiin julkaisuun muista palveluista liitett\u00e4vien kuvien mahdollisesti rikkovan tekij\u00e4noikeuksia.<\/p>\n\n\n\n<p>Ilman oikeutta maailmanlaajuisesti jaella sis\u00e4lt\u00f6j\u00e4, joita k\u00e4ytt\u00e4j\u00e4t sosiaalisen median palveluihin lataavat koko yhteis\u00f6llisen atk:n ilmi\u00f6t\u00e4 ei olisi olemassa. Twitter-viestin Re-tweet -edelleenl\u00e4hetys tai hauskan kuvan jakaminen kavereille Facebookissa edellytt\u00e4\u00e4, ett\u00e4 palvelun tarjoajalla on lupa edelleen jakaa sis\u00e4lt\u00f6\u00e4. Kuinka pitk\u00e4lle t\u00e4m\u00e4 lupa ulottuu, on valokuvaaja Sinclairin mielest\u00e4 kohtuutonta.<\/p>\n\n\n\n<p>Nopea kierros suosituimpien sosiaalisen median palveluiden k\u00e4ytt\u00f6ehdoissa kertoo samaa tarinaa kuin Instagramin ehdot. Perusasetelma on, ett\u00e4 k\u00e4ytt\u00e4j\u00e4t saavat pit\u00e4\u00e4 omistusoikeuden lataamaansa alkuper\u00e4issis\u00e4lt\u00f6\u00f6n, mutta palvelut kaappavat laajat oikeudet sis\u00e4lt\u00f6jen k\u00e4ytt\u00f6\u00f6n, jakeluun, muokkaukseen, edelleenlisensoitiin ja jopa johdannaisteosten luontiin. Katsotaanpa ote esimerkiksi <a href=\"https:\/\/fi-fi.facebook.com\/terms.php\">Facebookin k\u00e4ytt\u00f6ehdoista<\/a>:<\/p>\n\n\n\n<blockquote class=\"wp-block-quote is-layout-flow wp-block-quote-is-layout-flow\"><p> \u201dkun jaat, julkaiset tai lataat tuotteillamme tai niiden yhteydess\u00e4 sis\u00e4lt\u00f6\u00e4, jota koskevat immateriaaliomaisuuden oikeudet (kuten valokuvat tai videot), my\u00f6nn\u00e4t meille ei-yksinomaisen, siirrett\u00e4v\u00e4n, alilisensoitavan ja maailmanlaajuisen lisenssin s\u00e4ilytt\u00e4\u00e4, k\u00e4ytt\u00e4\u00e4, levitt\u00e4\u00e4, muokata, kopioida, k\u00e4\u00e4nt\u00e4\u00e4 ja esitt\u00e4\u00e4 tai n\u00e4ytt\u00e4\u00e4 julkisesti sis\u00e4lt\u00f6\u00e4si sek\u00e4 luoda siit\u00e4 johdannaisteoksia&#8221;.<\/p><\/blockquote>\n\n\n\n<p> Facebook tarvitsee oikeuden s\u00e4ilytt\u00e4\u00e4 ja levitt\u00e4\u00e4 k\u00e4ytt\u00e4jiens\u00e4 sis\u00e4lt\u00f6j\u00e4, jotta palvelu ylip\u00e4\u00e4t\u00e4\u00e4n toimii, mutta mihin se tarvitsee oikeutta muokata, k\u00e4\u00e4nt\u00e4\u00e4 ja luoda johdannaisteoksia k\u00e4ytt\u00e4jien sis\u00e4ll\u00f6ist\u00e4 on sitten se kohta mist\u00e4 joku saattaa joskus olla eri mielt\u00e4.<\/p>\n","protected":false},"excerpt":{"rendered":"<p>Kun perustan tilin sosiaalisen median palveluun, kuten Twitteriin, Instagramiin tai Facebookiin ja ilahdutan maailmaa upeilla ajatuksillani ja viel\u00e4 upeimmilla kuvillani, olen jo luovuttanut palvelua py\u00f6ritt\u00e4v\u00e4lle yritykselle melkoisen siivun tekij\u00e4noikeuksistani silloin kun hyv\u00e4ksyin k\u00e4ytt\u00f6ehdot. Miten suuri&hellip; <a href=\"https:\/\/klaava.fi\/?p=5140\">More<\/a><\/p>\n","protected":false},"author":1,"featured_media":0,"comment_status":"open","ping_status":"closed","sticky":false,"template":"","format":"standard","meta":{"footnotes":""},"categories":[920],"tags":[915,674,139,916,917,918,211,919,124,921,185],"class_list":["post-5140","post","type-post","status-publish","format-standard","hentry","category-tekijanoikeus","tag-embed","tag-facebook","tag-instagram","tag-lisenssi","tag-mashable","tag-oikeudenkaynti","tag-palvelu","tag-sinclair","tag-sosiaalinen_media","tag-tuomio","tag-valokuva"],"_links":{"self":[{"href":"https:\/\/klaava.fi\/index.php?rest_route=\/wp\/v2\/posts\/5140","targetHints":{"allow":["GET"]}}],"collection":[{"href":"https:\/\/klaava.fi\/index.php?rest_route=\/wp\/v2\/posts"}],"about":[{"href":"https:\/\/klaava.fi\/index.php?rest_route=\/wp\/v2\/types\/post"}],"author":[{"embeddable":true,"href":"https:\/\/klaava.fi\/index.php?rest_route=\/wp\/v2\/users\/1"}],"replies":[{"embeddable":true,"href":"https:\/\/klaava.fi\/index.php?rest_route=%2Fwp%2Fv2%2Fcomments&post=5140"}],"version-history":[{"count":0,"href":"https:\/\/klaava.fi\/index.php?rest_route=\/wp\/v2\/posts\/5140\/revisions"}],"wp:attachment":[{"href":"https:\/\/klaava.fi\/index.php?rest_route=%2Fwp%2Fv2%2Fmedia&parent=5140"}],"wp:term":[{"taxonomy":"category","embeddable":true,"href":"https:\/\/klaava.fi\/index.php?rest_route=%2Fwp%2Fv2%2Fcategories&post=5140"},{"taxonomy":"post_tag","embeddable":true,"href":"https:\/\/klaava.fi\/index.php?rest_route=%2Fwp%2Fv2%2Ftags&post=5140"}],"curies":[{"name":"wp","href":"https:\/\/api.w.org\/{rel}","templated":true}]}}