{"id":5631,"date":"2021-02-28T09:47:00","date_gmt":"2021-02-28T09:47:00","guid":{"rendered":"https:\/\/klaava.fi\/?p=5631"},"modified":"2021-02-28T09:47:00","modified_gmt":"2021-02-28T09:47:00","slug":"kuukauden-kirjauutisia-7-8-tuuman-lukulaite-varinaytolla-blogistanian-parhaat-kirjat-yksi-kirjasto-riittaa-koko-kansalle","status":"publish","type":"post","link":"https:\/\/klaava.fi\/?p=5631","title":{"rendered":"Kuukauden kirjauutisia: 7.8 tuuman lukulaite v\u00e4rin\u00e4yt\u00f6ll\u00e4, Blogistanian parhaat kirjat, yksi kirjasto riitt\u00e4\u00e4 koko kansalle"},"content":{"rendered":"\n<div class=\"wp-block-image\"><figure class=\"aligncenter size-large\"><a href=\"https:\/\/klaava.fi\/media\/2021\/02\/seinajoki-apila-ikkunaseina-lahelta-1600.jpg\"><img decoding=\"async\" src=\"https:\/\/klaava.fi\/media\/2021\/02\/seinajoki-apila-ikkunaseina-lahelta-1600-1024x729.jpg\" alt=\"sein\u00e4joki, apila-kirjasto\" class=\"wp-image-5635\"\/><\/a><\/figure><\/div>\n\n\n\n<p><strong><a href=\"https:\/\/news.cision.com\/fi\/miltton\/r\/kirjastojen-e-aineistojen-kaytto-hurjassa-nousussa---yhden-luukun-e-kirjasto-toisi-tarjonnan-aidosti,c3293885\">S\u00e4hk\u00f6isten lehtien, kirjojen ja \u00e4\u00e4nikirjojen kysynt\u00e4 kirjastoissa hyp\u00e4nnyt uudelle tasolle<\/a><\/strong><\/p>\n\n\n\n<p>Joissakin kunnissa digitaalisten kirjojen lainaus kasvoi vuonna 2020 yli 100%, joissakin hieman maltillisemmin. Trendi ei kuitenkaan ole uusi: 2014-2019 s\u00e4hk\u00f6isen lainaamisen kasvu oli yli 300%. Ilolla huomioimme my\u00f6s Opetus- ja kulttuuriministeri\u00f6n projektin &#8221;Yleisten kirjastojen digitaalisen median palvelukonseptihanke&#8221;, jossa alustavasti suunnitellaan Suomeen yht\u00e4 s\u00e4hk\u00f6ist\u00e4 kirjastoa koko kansalle.<\/p>\n\n\n\n<p><strong><a href=\"https:\/\/www.techradar.com\/news\/pocketbooks-new-78-inch-inkpad-color-is-the-color-ereader-youve-been-waiting-for\">Pocketbook markkinoi 7.8 tuuman v\u00e4rin\u00e4yt\u00f6ll\u00e4 varustettua lukulaitetta<\/a><\/strong><\/p>\n\n\n\n<p>Puoli vuotta sitten Pocketbook esitteli <a href=\"https:\/\/klaava.fi\/?p=5316\">v\u00e4rillisen kuuden tuuman<\/a> kokoisen e-kirjojen lukulaitteen. Hieman hailakat v\u00e4rit ovat, mutta ei lukulaitteella ole tarkoitus elokuvia tai valokuvia katsella. Nyt on vuorossa 7.8 tuuman kokoinen v\u00e4rin\u00e4ytt\u00f6, jossa v\u00e4rit ovat hieman parantuneet (katso video t\u00e4m\u00e4n artikkelin lopussa).<\/p>\n\n\n\n<p><strong><a href=\"https:\/\/kirja.elisa.fi\/kuukausitilaus\">Elisa Kirja muutti kuukausimaksullisen tilauspalvelun sis\u00e4lt\u00f6\u00e4 ja hintaa<\/a><\/strong><\/p>\n\n\n\n<p>Elisa Kirja p\u00e4\u00e4tti seurata naapurimaan tilauspalvelujen mallia, ja laittaa \u00e4\u00e4nikirjat kuukausimaksullisen palvelunsa k\u00e4rkeen. E-kirjat tulevat valikoimaan my\u00f6s. Kirjoja voi kuunnella ja lukea niin paljon kun ehtii, kuukausihinta tosin nousi.<\/p>\n\n\n\n<p><strong><a href=\"https:\/\/kirsinbookclub.com\/2021\/02\/tutut-teokset-vuoden-2020-blogistanian-finlandian-palkintopallilla\/\">Vuoden 2020 Blogistania Finlandia -kirjat valittu<\/a><\/strong><\/p>\n\n\n\n<p>Kirjabloggaajat \u00e4\u00e4nest\u00e4v\u00e4t vuosittain parhaat kirjat Blogistania-tapahtumassa. Vuoden 2020 kirjat laitettiin j\u00e4rjestykseen helmikuussa 2021.<\/p>\n\n\n\n<p><strong><a href=\"https:\/\/play.google.com\/store\/books\/details\/Ari_Hakkarainen_Valencia_Spain?id=tECCDwAAQBAJ\">Matkaopas Valencia, Espanja<\/a><\/strong><\/p>\n\n\n\n<p>Espanjalla on suunnitelmat valmiina miten maan l\u00e4hes suljettuna ollut turismikoneisto k\u00e4ynnistet\u00e4\u00e4n palvelemaan matkaajia kes\u00e4st\u00e4 2021 alkaen. Maan kolmanneksi suurin kaupunki Valencia on \u00e4skett\u00e4in voittanut esimerkiksi ulkomaille muuttaneiden expat-ty\u00f6ntekij\u00f6iden suosikkikaupungin tittelin, ja se on yksi Euroopan kasvavista matkakohteista.<\/p>\n\n\n\n<p><strong><a href=\"https:\/\/andalys.fi\/valta-nama-virheet-jos-microsoftin-asiantuntijaksi-tekeytynyt-henkilo-soittaa\/\">Lue t\u00e4m\u00e4 ennen kuin tuntematon henkil\u00f6 soittaa ja haluaa sinun asentavan tietokoneeseesi jotain<\/a><\/strong><\/p>\n\n\n\n<p>Varsinkin Microsoftin asiantuntijoiksi tekeytyneet henkil\u00f6t soittavat ja l\u00e4hett\u00e4v\u00e4t s\u00e4hk\u00f6postia my\u00f6s satunnaisille suomalaisille ihmisille. Artikkeli kertoo mist\u00e4 siin\u00e4 oikeasti on kyse, mutta soittajan neuvoja ei pid\u00e4 noudattaa miss\u00e4\u00e4n tapauksessa.<\/p>\n\n\n\n<p><strong><a href=\"https:\/\/yle.fi\/uutiset\/3-11807085\">Luovien alojen ammattilaiset tiukilla pandemian aiheuttamien rajoitusten vuoksi Suomessa<\/a><\/strong><\/p>\n\n\n\n<p>Yle selvitti pandemian vaikutusta teatterin, kuvataiteiden, musiikin, elokuvien ja kirjallisuuden ammattilaisten ty\u00f6mahdollisuuksiin ja tuloihin. Parhaiten ovat p\u00e4rj\u00e4nneet televisiotuotannoissa mukana olevat ammattilaiset ja my\u00f6s hyvin edennyt kirjamyynti on pit\u00e4nyt alan osaajajoukkoa ty\u00f6llistettyn\u00e4. Suunnilleen kaikilla muilla media-aloilla on mennyt kehnosti.<\/p>\n\n\n\n<p>Videolla vertaillaan Pocketbookin 6 ja 7.8 tuuman v\u00e4rin\u00e4yt\u00f6llisi\u00e4 lukulaitteita ja harmaas\u00e4vyn\u00e4yt\u00f6n Amazon Kindle\u00e4: <\/p>\n\n\n\n<figure class=\"wp-block-embed is-type-rich is-provider-embed-handler wp-block-embed-embed-handler wp-embed-aspect-16-9 wp-has-aspect-ratio\"><div class=\"wp-block-embed__wrapper\">\n<iframe loading=\"lazy\" title=\"Color E Ink Screen Comparison - Are New 7.8&quot; Color Screens Better?\" width=\"760\" height=\"428\" src=\"https:\/\/www.youtube.com\/embed\/5t2A2d_c0Zg?feature=oembed\" frameborder=\"0\" allow=\"accelerometer; autoplay; clipboard-write; encrypted-media; gyroscope; picture-in-picture\" allowfullscreen><\/iframe>\n<\/div><\/figure>\n","protected":false},"excerpt":{"rendered":"<p>S\u00e4hk\u00f6isten lehtien, kirjojen ja \u00e4\u00e4nikirjojen kysynt\u00e4 kirjastoissa hyp\u00e4nnyt uudelle tasolle Joissakin kunnissa digitaalisten kirjojen lainaus kasvoi vuonna 2020 yli 100%, joissakin hieman maltillisemmin. Trendi ei kuitenkaan ole uusi: 2014-2019 s\u00e4hk\u00f6isen lainaamisen kasvu oli yli 300%.&hellip; <a href=\"https:\/\/klaava.fi\/?p=5631\">More<\/a><\/p>\n","protected":false},"author":10,"featured_media":0,"comment_status":"open","ping_status":"closed","sticky":false,"template":"","format":"standard","meta":{"footnotes":""},"categories":[313],"tags":[1066,221,422,1067,236,72],"class_list":["post-5631","post","type-post","status-publish","format-standard","hentry","category-uutiset","tag-blogistania","tag-elisa","tag-kirjasto","tag-kirjauutiset","tag-lukulaite","tag-pocketbook"],"_links":{"self":[{"href":"https:\/\/klaava.fi\/index.php?rest_route=\/wp\/v2\/posts\/5631","targetHints":{"allow":["GET"]}}],"collection":[{"href":"https:\/\/klaava.fi\/index.php?rest_route=\/wp\/v2\/posts"}],"about":[{"href":"https:\/\/klaava.fi\/index.php?rest_route=\/wp\/v2\/types\/post"}],"author":[{"embeddable":true,"href":"https:\/\/klaava.fi\/index.php?rest_route=\/wp\/v2\/users\/10"}],"replies":[{"embeddable":true,"href":"https:\/\/klaava.fi\/index.php?rest_route=%2Fwp%2Fv2%2Fcomments&post=5631"}],"version-history":[{"count":0,"href":"https:\/\/klaava.fi\/index.php?rest_route=\/wp\/v2\/posts\/5631\/revisions"}],"wp:attachment":[{"href":"https:\/\/klaava.fi\/index.php?rest_route=%2Fwp%2Fv2%2Fmedia&parent=5631"}],"wp:term":[{"taxonomy":"category","embeddable":true,"href":"https:\/\/klaava.fi\/index.php?rest_route=%2Fwp%2Fv2%2Fcategories&post=5631"},{"taxonomy":"post_tag","embeddable":true,"href":"https:\/\/klaava.fi\/index.php?rest_route=%2Fwp%2Fv2%2Ftags&post=5631"}],"curies":[{"name":"wp","href":"https:\/\/api.w.org\/{rel}","templated":true}]}}