{"id":7005,"date":"2023-06-11T09:06:00","date_gmt":"2023-06-11T09:06:00","guid":{"rendered":"https:\/\/klaava.fi\/?p=7005"},"modified":"2023-06-11T09:06:00","modified_gmt":"2023-06-11T09:06:00","slug":"apple-pahoitti-mieleni-odotetuilla-vision-pro-xr-laseilla-ei-voi-tehda-mitaan","status":"publish","type":"post","link":"https:\/\/klaava.fi\/?p=7005","title":{"rendered":"Apple pahoitti mieleni: odotetuilla Vision Pro XR -laseilla ei voi tehd\u00e4 mit\u00e4\u00e4n"},"content":{"rendered":"<div class=\"wp-block-image\">\n<figure class=\"aligncenter size-full is-resized\"><a href=\"https:\/\/klaava.fi\/media\/2023\/06\/applevisionpro-head-side-angle.jpg\"><img loading=\"lazy\" decoding=\"async\" src=\"https:\/\/klaava.fi\/media\/2023\/06\/applevisionpro-head-side-angle.jpg\" alt=\"apple vision pro xr virtuaalitodellisuus t\u00e4ydennetty todellisuus\" class=\"wp-image-7006\" width=\"400\" height=\"400\"\/><\/a><figcaption class=\"wp-element-caption\">Apple Visoin Pro XR.<\/figcaption><\/figure>\n<\/div>\n\n\n<p>Kuten maailman arvokkaimman yhti\u00f6n Applen julkistustilaisuuksissa tapana on, uudet tuotteet esitell\u00e4\u00e4n sujuvasti koko maailmaa muuttavina vimpaimina. Joskus n\u00e4in on ollutkin, kuten iPhone ja iPad -tuotteiden kohdalla, joille oli selke\u00e4t k\u00e4ytt\u00f6kohteet ja sovellukset alusta alkaen, mutta kes\u00e4kuussa 2023 esitelty Apple Vision Pro XR virtuaali- ja t\u00e4ydennetyn todellisuuden tuote pist\u00e4\u00e4 miettim\u00e4\u00e4n mik\u00e4 suunnitelma tuotteen takana oikein on. Sille kun ei heti l\u00f6ydy j\u00e4rkev\u00e4\u00e4 k\u00e4ytt\u00f6\u00e4. Katsotaan mit\u00e4 t\u00e4ll\u00e4 hetkell\u00e4 saatavilla olevasta tiedosta voidaan p\u00e4\u00e4tell\u00e4.<\/p>\n\n\n\n<p>Virtuaalitodellisuutta varten suunniteltuja <a href=\"https:\/\/www.pcmag.com\/picks\/the-best-vr-headsets\">silm\u00e4lasien (tai paremminkin sukellusmaskin) tapaan p\u00e4\u00e4ss\u00e4 pidett\u00e4vi\u00e4 tuotteita<\/a> on olemassa, kuten Meta Quest, Sony Playstation VR ja HTC Vive Pro. Ne ovat tarkoitettuja l\u00e4hinn\u00e4 pelik\u00e4ytt\u00f6\u00f6n. Niill\u00e4 on selke\u00e4 my\u00f6s sovellus: pelimaailma aukeaa t\u00e4yteen loistoon lasien l\u00e4pi n\u00e4htyn\u00e4. Meta\/Facebook kehitt\u00e4\u00e4 virtuaalilasien lis\u00e4ksi sosiaalista ymp\u00e4rist\u00f6\u00e4 virtuaalista kanssak\u00e4ymist\u00e4 varten, vaikka on jo huomannut ty\u00f6maan olevan reippaasti ajateltua laajempi.<\/p>\n\n\n\n<p>Applen esittelem\u00e4 virtuaali- ja t\u00e4ydennetty todellisuus Vision Pro XR -lasien muodossa ei tuotteen esittelyn aikaan ole vastaus mihink\u00e4\u00e4n tarpeeseen. Elokuvia laseilla voi katsoa ja nettisivuja lukea, mutta miksi sit\u00e4 varten kukaan ostaisi kalliin, hankalan, p\u00e4\u00e4ss\u00e4 pidett\u00e4v\u00e4n sukellusnaamarin?<\/p>\n\n\n\n<p>Uuden tuotteen t\u00e4rkein asia onkin sen uusi k\u00e4ytt\u00f6j\u00e4rjestelm\u00e4ohjelmisto. Apple on antanut nimen VisionOS uudelle k\u00e4ytt\u00f6j\u00e4rjestelm\u00e4lle, joka osaa hy\u00f6dynt\u00e4\u00e4 Vision Pro -lasien ominaisuuksia. Esimerkiksi: lasien ulkokehyksess\u00e4 on kameroita, jotka n\u00e4ytt\u00e4v\u00e4t mit\u00e4 tapahtuu oikeassa maailmassa k\u00e4ytt\u00e4j\u00e4n ymp\u00e4rill\u00e4, ja lasien sis\u00e4puolen kehyksess\u00e4 on sensoreita, jotka tarkkailevat silmi\u00e4. Silmill\u00e4 voi ohjata laitteen toimintaa.<\/p>\n\n\n<div class=\"wp-block-image\">\n<figure class=\"aligncenter size-full is-resized\"><a href=\"https:\/\/klaava.fi\/media\/2023\/06\/applevisionpro-sensors.jpg\"><img loading=\"lazy\" decoding=\"async\" src=\"https:\/\/klaava.fi\/media\/2023\/06\/applevisionpro-sensors.jpg\" alt=\"sensorit vision pro laseissa\" class=\"wp-image-7007\" width=\"725\" height=\"389\"\/><\/a><figcaption class=\"wp-element-caption\">Sensorit lasien sis\u00e4puolella tarkkailevat silmi\u00e4.<\/figcaption><\/figure>\n<\/div>\n\n\n<h2 class=\"wp-block-heading\">Ihmisen ja tietokoneen v\u00e4linen vuorovaikutus <\/h2>\n\n\n\n<p>Sensoreita ja kameroita t\u00e4rke\u00e4mpi asia on, ett\u00e4 VisionOS-ohjelmisto toteuttaa kokonaan uuden k\u00e4ytt\u00f6liittym\u00e4n ihmisen ja tietokoneen v\u00e4lille. T\u00e4h\u00e4n asti tietokoneita on ohjattu hiirell\u00e4 ja n\u00e4pp\u00e4imist\u00f6ll\u00e4 (viime aikoina my\u00f6s \u00e4\u00e4nell\u00e4), ja puhelimia ja tableteja ohjataan ruutua koskettamalla.<\/p>\n\n\n\n<p>VisionOS:n k\u00e4ytt\u00f6liittym\u00e4 on jotain aivan muuta. Applen on t\u00e4ytynyt investoida gigalomaaninen kasa dollareita kehitt\u00e4\u00e4kseen uuden k\u00e4ytt\u00f6liittym\u00e4n, jota ohjataan silmill\u00e4 ja sormilla. K\u00e4ytt\u00e4j\u00e4n ei fyysisesti tarvitse koskettaa mit\u00e4\u00e4n. Jos esimerkiksi halutaan k\u00e4ynnist\u00e4\u00e4 sovellus, haluttua kohdetta voi napauttaa tai katsoa sit\u00e4 ja sormia nipist\u00e4m\u00e4ll\u00e4 avata sen. Kun jotakin haluaa siirt\u00e4\u00e4 ruudulla paikasta toiseen, kohteesta otetaan sormilla kiinni ja raahataan se mihin halutaan. My\u00f6s \u00e4\u00e4niohjaus toimii jos esimerkiksi haluaa sanella s\u00e4hk\u00f6postiviestin.<\/p>\n\n\n<div class=\"wp-block-image\">\n<figure class=\"aligncenter size-large is-resized\"><a href=\"https:\/\/klaava.fi\/media\/2023\/06\/apple-visionos-twoscreens.jpg\"><img loading=\"lazy\" decoding=\"async\" src=\"https:\/\/klaava.fi\/media\/2023\/06\/apple-visionos-twoscreens-1024x686.jpg\" alt=\"apple vision pro xr n\u00e4kym\u00e4 lasien kaytt\u00e4j\u00e4lle\" class=\"wp-image-7009\" width=\"768\" height=\"515\"\/><\/a><figcaption class=\"wp-element-caption\">  <\/figcaption><\/figure>\n<\/div>\n\n\n<p>Vision Pro XR on itse asiassa eritt\u00e4in tehokas tehokas tietokone pakattuna suurten laskettelulasien n\u00e4k\u00f6isiin kuoriin. Akku on erillinen taskukokoinen kaapelilla laseihin liitetty komponentti. Kaksi eritt\u00e4in tarkkaa n\u00e4ytt\u00f6\u00e4 silmien edess\u00e4 luo vaikutelman tilasta ja syvyydest\u00e4. VisinOS-k\u00e4ytt\u00f6j\u00e4rjestelm\u00e4 hoitaa teht\u00e4vi\u00e4\u00e4n kehysten sis\u00e4ll\u00e4 ja kommunikoi Wi-Fi -yhteydell\u00e4 internetiin.<\/p>\n\n\n\n<h2 class=\"wp-block-heading\">K\u00e4ytt\u00f6kohteita ei ole koska ei ole sovelluksia (viel\u00e4)<\/h2>\n\n\n\n<p>Mihin Vision Pro XR -laseja voi k\u00e4ytt\u00e4\u00e4 sitten kun se <a href=\"https:\/\/www.io-tech.fi\/uutinen\/apple-esitteli-3500-dollarin-vision-pro-xr-lasit\/\">vuonna 2024 tulee myyntiin<\/a>? Apple myy tuotetta aluksi ainoastaan Yhdysvalloissa. Siell\u00e4 hintaa on veroineen noin 4000 dollaria.<\/p>\n\n\n\n<p>Muutama tuttu Apple-sovellus Vision Pron esittelyss\u00e4 oli mukana: Safari verkkoselain, valokuvien katseluohjelma, Facetime-videokokous, videoiden katseluohjelma ja muutama muu sovellus. T\u00e4ll\u00e4 ei pitk\u00e4lle p\u00e4\u00e4se kun Applen tavoitteena esittelyn mukaan on myyd\u00e4 hinnakasta yleisk\u00e4ytt\u00f6\u00f6n tarkoitettua tietokonetta, jota pidet\u00e4\u00e4n p\u00e4\u00e4ss\u00e4. Tuskin edes kaikkia Apple-faneja t\u00e4llainen tietokoneen k\u00e4ytt\u00f6tapa houkuttelee.<\/p>\n\n\n<div class=\"wp-block-image\">\n<figure class=\"aligncenter size-full is-resized\"><a href=\"https:\/\/klaava.fi\/media\/2023\/06\/apple-visionos-apps.jpg\"><img loading=\"lazy\" decoding=\"async\" src=\"https:\/\/klaava.fi\/media\/2023\/06\/apple-visionos-apps.jpg\" alt=\"visionos k\u00e4ytt\u00f6j\u00e4rjestelm\u00e4n mukana tulevat sovellukset\" class=\"wp-image-7010\" width=\"709\" height=\"476\"\/><\/a><figcaption class=\"wp-element-caption\">Sovelluksia VisionOS-k\u00e4ytt\u00f6j\u00e4rjestelm\u00e4n mukana.<\/figcaption><\/figure>\n<\/div>\n\n\n<p>Suurten ja painavien laskettelulasien sis\u00e4\u00e4n ahdetun tietokoneen t\u00e4rkein ominaisuus on kuitenkin uuden VisionOS-ohjelmiston tarjoama k\u00e4ytt\u00f6liittym\u00e4. Silmien, k\u00e4sien ja \u00e4\u00e4nen luonnollinen yhteen toimiminen niin ett\u00e4 tietokone todella ymm\u00e4rt\u00e4\u00e4 kaiken oikein on eritt\u00e4in merkitt\u00e4v\u00e4 askel tietotekniikassa.<\/p>\n\n\n\n<p>Todenn\u00e4k\u00f6isesti kaikki sovellukset t\u00e4ytyy tehd\u00e4 yhteensopiviksi VisionOS:lle ennen kuin ne toimivat silmien k\u00e4denliikkeiden ja \u00e4\u00e4nen kanssa yhteen virtuaaliymp\u00e4rist\u00f6ss\u00e4. Odotettavissa on, ett\u00e4 Applen uuden tuotteen mukaan l\u00e4htee iso joukko ohjelmistotaloja joka tapauksessa. iPhone ja iPad App Store on tuonut monelle ohjelmistokehitt\u00e4j\u00e4lle niin mukavasti dollareita, ett\u00e4 Vision Pron sovelluksia moni l\u00e4htee my\u00f6s kehitt\u00e4m\u00e4\u00e4n.<\/p>\n\n\n\n<h2 class=\"wp-block-heading\">Unohtakaa virtuaalilasit ja keskittyk\u00e4\u00e4 k\u00e4ytt\u00f6liittym\u00e4\u00e4n<\/h2>\n\n\n\n<p>Vision Pro XR voisi  muuten olla hyv\u00e4 tuote, mutta niist\u00e4 laseista pit\u00e4isi jotenkin p\u00e4\u00e4st\u00e4 eroon. <\/p>\n\n\n\n<p>Ainakin yksi konsepti on tehty jo vuonna 2002 miss\u00e4 ilmassa leijuvia n\u00e4ytt\u00f6ruutuja hallittiin niit\u00e4 koskemalla ja kohteita siirtelem\u00e4ll\u00e4. Steven Spielbergin Minority Report -elokuvan t\u00e4hdell\u00e4 Tom Cruisella ei ollut laseja p\u00e4\u00e4ss\u00e4, vaan h\u00e4n k\u00e4ytti tietokonetta koskettamalla ilmaan heijastettuja n\u00e4ytt\u00f6j\u00e4. T\u00e4m\u00e4n konseptin suunnitteli elokuvaa varten MIT-tutkija John Underkoffler. Elokuvan n\u00e4hty\u00e4\u00e4n jotkut yritysjohtajat halusivat ostaa h\u00e4nelt\u00e4 hienosti toimivan uuden teknologian. Se ei ole viel\u00e4k\u00e4\u00e4n aivan valmis, vaikka Underkoffler kehitt\u00e4\u00e4 sit\u00e4 itse <a href=\"https:\/\/www.oblong.com\/company\/our-story\">Oblong Industries<\/a> -yrityksess\u00e4. H\u00e4n muuten kutsuu konseptiaan nimell\u00e4 Spatial Operating Environment. Ei varmasti ole sattumaa, ett\u00e4 Apple kutsuu VisionOS-ohjelmistoaan Spatial operating systemiksi.<\/p>\n\n\n\n<p>Apple Vision Pro XR -tuotteen esittelyvideo:<\/p>\n\n\n\n<p><iframe loading=\"lazy\" title=\"Introducing Apple Vision Pro\" width=\"760\" height=\"428\" src=\"https:\/\/www.youtube.com\/embed\/TX9qSaGXFyg?feature=oembed\" frameborder=\"0\" allow=\"accelerometer; autoplay; clipboard-write; encrypted-media; gyroscope; picture-in-picture; web-share\" allowfullscreen><\/iframe><\/p>\n\n\n\n<p>Applen <a href=\"https:\/\/www.apple.com\/apple-vision-pro\/\">tuotesivu<\/a>. <em>Artikkelin kuvat Applen tuotekuvastoa<\/em>.<\/p>\n","protected":false},"excerpt":{"rendered":"<p>Kuten maailman arvokkaimman yhti\u00f6n Applen julkistustilaisuuksissa tapana on, uudet tuotteet esitell\u00e4\u00e4n sujuvasti koko maailmaa muuttavina vimpaimina. Joskus n\u00e4in on ollutkin, kuten iPhone ja iPad -tuotteiden kohdalla, joille oli selke\u00e4t k\u00e4ytt\u00f6kohteet ja sovellukset alusta alkaen, mutta&hellip; <a href=\"https:\/\/klaava.fi\/?p=7005\">More<\/a><\/p>\n","protected":false},"author":1,"featured_media":0,"comment_status":"open","ping_status":"closed","sticky":false,"template":"","format":"standard","meta":{"footnotes":""},"categories":[20,12],"tags":[1281,772,1282,567,375,1283,357],"class_list":["post-7005","post","type-post","status-publish","format-standard","hentry","category-digitaalinen-media","category-pelit","tag-ar","tag-kayttojarjestelma","tag-kayttoliittyma","tag-ohjelmisto","tag-virtuaalilasit","tag-visionos","tag-vr"],"_links":{"self":[{"href":"https:\/\/klaava.fi\/index.php?rest_route=\/wp\/v2\/posts\/7005","targetHints":{"allow":["GET"]}}],"collection":[{"href":"https:\/\/klaava.fi\/index.php?rest_route=\/wp\/v2\/posts"}],"about":[{"href":"https:\/\/klaava.fi\/index.php?rest_route=\/wp\/v2\/types\/post"}],"author":[{"embeddable":true,"href":"https:\/\/klaava.fi\/index.php?rest_route=\/wp\/v2\/users\/1"}],"replies":[{"embeddable":true,"href":"https:\/\/klaava.fi\/index.php?rest_route=%2Fwp%2Fv2%2Fcomments&post=7005"}],"version-history":[{"count":0,"href":"https:\/\/klaava.fi\/index.php?rest_route=\/wp\/v2\/posts\/7005\/revisions"}],"wp:attachment":[{"href":"https:\/\/klaava.fi\/index.php?rest_route=%2Fwp%2Fv2%2Fmedia&parent=7005"}],"wp:term":[{"taxonomy":"category","embeddable":true,"href":"https:\/\/klaava.fi\/index.php?rest_route=%2Fwp%2Fv2%2Fcategories&post=7005"},{"taxonomy":"post_tag","embeddable":true,"href":"https:\/\/klaava.fi\/index.php?rest_route=%2Fwp%2Fv2%2Ftags&post=7005"}],"curies":[{"name":"wp","href":"https:\/\/api.w.org\/{rel}","templated":true}]}}