{"id":7696,"date":"2024-06-10T11:26:00","date_gmt":"2024-06-10T08:26:00","guid":{"rendered":"https:\/\/klaava.fi\/?p=7691"},"modified":"2024-06-10T11:26:00","modified_gmt":"2024-06-10T08:26:00","slug":"kaikki-mita-olet-kertonut-facebookissa-voi-tulla-pian-vastaan-aivan-toisessa-paikassa","status":"publish","type":"post","link":"https:\/\/klaava.fi\/?p=7696","title":{"rendered":"Kaikki mit\u00e4 olet kertonut Facebookissa voi tulla pian vastaan aivan toisessa paikassa"},"content":{"rendered":"<div class=\"wp-block-image\">\n<figure class=\"aligncenter size-full\"><a href=\"https:\/\/klaava.fi\/media\/2024\/06\/instagram-login-sshot.jpg\"><img decoding=\"async\" src=\"https:\/\/klaava.fi\/media\/2024\/06\/instagram-login-sshot.jpg\" alt=\"instagram palveluun kirjautuminen, ruudun kuva.\" class=\"wp-image-7694\"\/><\/a><figcaption class=\"wp-element-caption\">  <\/figcaption><\/figure>\n<\/div>\n\n\n<p>Euroopan Unionin alueella kansalaisten digitaalista yksityisyytt\u00e4 suojaavat GDPR ja muut s\u00e4\u00e4nn\u00f6kset, mutta kun joku organisaatio on kerran tietosi onnistunut kahmimaan, niit\u00e4 kaikesta huolimatta pyrit\u00e4\u00e4n hy\u00f6dynt\u00e4m\u00e4\u00e4n monin tavoin. Meta (Facebookin, Instagramin ja Whatsappin omistaja) on huomannut tietovarastoissaan olevan l\u00e4hes ehtym\u00e4t\u00f6n m\u00e4\u00e4r\u00e4 k\u00e4ytt\u00e4jien tuottamaa teksti\u00e4 ja kuvia. Facebookin kolme miljardia k\u00e4ytt\u00e4j\u00e4\u00e4 ja Instagramin kaksi miljardia k\u00e4ytt\u00e4j\u00e4\u00e4 tuottavat jatkuvasti sopivaa dataa &#8211; kuinka ollakaan &#8211; my\u00f6s teko\u00e4lyn kehitt\u00e4miseen. Ihmisten omille tiedoille on j\u00e4lleen l\u00f6ytynyt uutta k\u00e4ytt\u00f6\u00e4 liiketoiminnassa.<\/p>\n\n\n\n<p><a href=\"https:\/\/www.reuters.com\/technology\/meta-gets-11-eu-complaints-over-use-personal-data-train-ai-models-2024-06-06\/\">Reuters kertoo<\/a> it\u00e4valtalaisen kansalaisten oikeuksia erityisesti digitaalisessa maailmassa puolustavan <a href=\"https:\/\/noyb.eu\/en\">NOYB<\/a>-yhdistyksen puuttuneen Meta-yhti\u00f6n uuteen toimintatapaan. Yhti\u00f6 hy\u00f6dynt\u00e4\u00e4 Facebook-kommentit ja Instagram-kuvat teko\u00e4lyn opettamisessa. NOYB on pyyt\u00e4nyt usean EU-maan tietosuojasta huolehtivia viranomaisia viipym\u00e4tt\u00e4 ottavan yhteytt\u00e4 Metaan ja pyyt\u00e4v\u00e4n yhti\u00f6t\u00e4 lopettamaan k\u00e4ytt\u00e4jien tietojen k\u00e4sittely teko\u00e4lyn kehityksess\u00e4. Metalla on tallessa my\u00f6s sellaisten ihmisten tietoja, jotka eiv\u00e4t ole Facebookin tai Instagramin k\u00e4ytt\u00e4ji\u00e4, sill\u00e4 yhti\u00f6 ker\u00e4\u00e4 internetist\u00e4 tietoja ihmisist\u00e4, joihin sen palveluissa viitataan.<\/p>\n\n\n\n<p>Meta puolestaan katsoo toimineensa EU:n s\u00e4\u00e4nn\u00f6sten mukaisesti sill\u00e4 tietojen luovutuksen teko\u00e4lyn kehitykseen voi yritt\u00e4\u00e4 kielt\u00e4\u00e4 jos Facebookissa l\u00f6yt\u00e4\u00e4 valikon miss\u00e4 sen voi tehd\u00e4. Kun kiellon k\u00e4y tekem\u00e4ss\u00e4, Meta ei lupaa est\u00e4\u00e4 tietojen luovutusta teko\u00e4lylle vaan toteaa harkitsevansa asiaa.<\/p>\n\n\n\n<p>Valveutunut tietosuojastaan huolehtiva kansalainen saattaisi ajatella, ettei Facebookin ja Instagramin k\u00e4ytt\u00f6ehdoissa mainita sanallakaan teko\u00e4ly\u00e4 ja koneoppimista. Ehk\u00e4 ei mainita, mutta Meta on jo k\u00e4ynyt p\u00e4ivitt\u00e4m\u00e4ss\u00e4 palveluidensa k\u00e4ytt\u00f6ehdot sellaisiksi, ett\u00e4 tietojen luovutus my\u00f6s teko\u00e4lyn kehitykseen on ehtojen mukaista.<\/p>\n\n\n\n<h2 class=\"wp-block-heading\">Mihin ihmisten Facebook-kommentteja ja Instagram-kuvia teko\u00e4lyn opettamisessa oikein tarvitaan?<\/h2>\n\n\n\n<p>T\u00e4ll\u00e4 hetkell\u00e4 eniten huomiota teko\u00e4lyteknologiassa saavat suurten kielimallien (large language model, LLM) kehitysprojektit. Metan suureen kielimalliin perustuva tuote on nimelt\u00e4\u00e4n <a href=\"https:\/\/ai.meta.com\/blog\/meta-llama-3\/?_fb_noscript=1\">Llama<\/a>. T\u00e4m\u00e4n tyyppisi\u00e4 tuotteita kehitet\u00e4\u00e4n paitsi algoritmej\u00e4 viilaamalla my\u00f6s opettamalla niille kirjoitettua ja puhuttua kielt\u00e4. Siihen tarvitaan valtava m\u00e4\u00e4r\u00e4 teksti\u00e4, ja kuvien ollessa kyseess\u00e4 miljoonia kuvia. Esimerkiksi Meta on jo aiemmin my\u00f6nt\u00e4nyt <a href=\"https:\/\/klaava.fi\/?p=7435\">k\u00e4ytt\u00e4neens\u00e4 piraattikirjoja<\/a> saadakseen mahdollisimman nopeasti mahdollisimman laajan opetusaineiston Llaman pureksittavaksi.<\/p>\n\n\n\n<p>Tavallinen Facebook- ja Instagram-kansalainen saattaa havaita omien tietojen k\u00e4yt\u00f6n seuraukset teko\u00e4lyn kehitykseen sill\u00e4 tavalla, ett\u00e4 oudon tuttuja lauseita, sanontoja ja kuvia l\u00f6ytyy jatkossa Llama-teko\u00e4lyn tuottamasta aineistosta, jota organisaatiot ja ihmiset k\u00e4ytt\u00e4v\u00e4t omiin tarkoituksiinsa. On eritt\u00e4in todenn\u00e4k\u00f6ist\u00e4, ett\u00e4 alkuper\u00e4ist\u00e4 l\u00e4hdett\u00e4 ei voi kuitenkaan tunnistaa.<\/p>\n\n\n\n<p>Meta ei suinkaan ole ainoa yritys, joka on takautuvasti muuttanut k\u00e4ytt\u00f6ehtojaan varmistaakseen k\u00e4ytt\u00e4jien vanhan ja uuden datan hyv\u00e4ksik\u00e4yt\u00f6n teko\u00e4lyn kehityksess\u00e4. Esimerkiksi Reddit ja Adobe ovat muuttaneet k\u00e4ytt\u00f6ehtojaan voidakseen hy\u00f6dynt\u00e4\u00e4 k\u00e4ytt\u00e4jien dataa my\u00f6s teko\u00e4lyn kehitykseen.<\/p>\n","protected":false},"excerpt":{"rendered":"<p>Euroopan Unionin alueella kansalaisten digitaalista yksityisyytt\u00e4 suojaavat GDPR ja muut s\u00e4\u00e4nn\u00f6kset, mutta kun joku organisaatio on kerran tietosi onnistunut kahmimaan, niit\u00e4 kaikesta huolimatta pyrit\u00e4\u00e4n hy\u00f6dynt\u00e4m\u00e4\u00e4n monin tavoin. Meta (Facebookin, Instagramin ja Whatsappin omistaja) on huomannut&hellip; <a href=\"https:\/\/klaava.fi\/?p=7696\">More<\/a><\/p>\n","protected":false},"author":1,"featured_media":0,"comment_status":"closed","ping_status":"closed","sticky":false,"template":"","format":"standard","meta":{"footnotes":""},"categories":[20],"tags":[674,139,1368,324,1223,755,554],"class_list":["post-7696","post","type-post","status-publish","format-standard","hentry","category-digitaalinen-media","tag-facebook","tag-instagram","tag-kayttajatiedot","tag-media","tag-meta","tag-sosiaalinen","tag-tekoaly"],"_links":{"self":[{"href":"https:\/\/klaava.fi\/index.php?rest_route=\/wp\/v2\/posts\/7696","targetHints":{"allow":["GET"]}}],"collection":[{"href":"https:\/\/klaava.fi\/index.php?rest_route=\/wp\/v2\/posts"}],"about":[{"href":"https:\/\/klaava.fi\/index.php?rest_route=\/wp\/v2\/types\/post"}],"author":[{"embeddable":true,"href":"https:\/\/klaava.fi\/index.php?rest_route=\/wp\/v2\/users\/1"}],"replies":[{"embeddable":true,"href":"https:\/\/klaava.fi\/index.php?rest_route=%2Fwp%2Fv2%2Fcomments&post=7696"}],"version-history":[{"count":0,"href":"https:\/\/klaava.fi\/index.php?rest_route=\/wp\/v2\/posts\/7696\/revisions"}],"wp:attachment":[{"href":"https:\/\/klaava.fi\/index.php?rest_route=%2Fwp%2Fv2%2Fmedia&parent=7696"}],"wp:term":[{"taxonomy":"category","embeddable":true,"href":"https:\/\/klaava.fi\/index.php?rest_route=%2Fwp%2Fv2%2Fcategories&post=7696"},{"taxonomy":"post_tag","embeddable":true,"href":"https:\/\/klaava.fi\/index.php?rest_route=%2Fwp%2Fv2%2Ftags&post=7696"}],"curies":[{"name":"wp","href":"https:\/\/api.w.org\/{rel}","templated":true}]}}