{"id":7806,"date":"2024-09-08T10:38:00","date_gmt":"2024-09-08T07:38:00","guid":{"rendered":"https:\/\/klaava.fi\/?p=7806"},"modified":"2024-09-08T10:38:00","modified_gmt":"2024-09-08T07:38:00","slug":"remarkable-toi-varinayton-kirjoitustabletiin-ja-samalla-nayton-koko-kasvoi-tallainen-on-paper-pro","status":"publish","type":"post","link":"https:\/\/klaava.fi\/?p=7806","title":{"rendered":"Remarkable toi v\u00e4rin\u00e4yt\u00f6n kirjoitustabletiin, ja samalla n\u00e4yt\u00f6n koko kasvoi: t\u00e4llainen on Paper Pro"},"content":{"rendered":"<div class=\"wp-block-image\">\n<figure class=\"aligncenter size-full\"><a href=\"https:\/\/klaava.fi\/media\/2024\/09\/remarkablepaperpro-varinaytto.jpg\"><img decoding=\"async\" src=\"https:\/\/klaava.fi\/media\/2024\/09\/remarkablepaperpro-varinaytto.jpg\" alt=\"remarkable paper pro kirjoitustablet v\u00e4rin\u00e4yt\u00f6ll\u00e4\" class=\"wp-image-7811\"\/><\/a><figcaption class=\"wp-element-caption\">Kuva: Remarkable.<\/figcaption><\/figure>\n<\/div>\n\n\n<p>Norjasta maailmalle ponnistanut yhteen tuotteeseen &#8211; kirjoitustabletiin &#8211; erikostunut Remarkable on saanut valmiiksi v\u00e4rin\u00e4yt\u00f6ll\u00e4 varustetun tabletin nimelt\u00e4\u00e4n Paper Pro. Samalla Remarkable kasvatti tabletin kokoa 11,8 tuumaan.<\/p>\n\n\n\n<p>Remarkable ei suoraan Paper Pron esittelyss\u00e4 erittele tabletin n\u00e4yt\u00f6n v\u00e4rivalikoimaa, mutta <a href=\"https:\/\/www.eink.com\/brand\/detail\/Gallery_3\">n\u00e4ytt\u00f6teknologian valmistaja E ink<\/a> kertoo nelj\u00e4n v\u00e4rin (cyan, magenta, keltainen, valkoinen) sekoituksesta syntyv\u00e4n lukuisia v\u00e4rej\u00e4. Remarkable toteaa kirjoitus- ja piirrossovellusten toimivan yhdeks\u00e4ll\u00e4 v\u00e4rill\u00e4, mutta lukusovelluksen osaavan n\u00e4ytt\u00e4\u00e4 tuhansia v\u00e4rej\u00e4.<\/p>\n\n\n\n<p>Miksi n\u00e4yt\u00f6n v\u00e4rien lukum\u00e4\u00e4r\u00e4\u00e4 t\u00e4ytyy t\u00e4ss\u00e4 pohtia? Remarkablen tabletteja ei rakenneta LCD tai OLED -tekniikalla, joita esimerkiksi Samsungin ja Lenovon tabletit k\u00e4ytt\u00e4v\u00e4t. E ink -teknologiaan perustuvat n\u00e4yt\u00f6t toimivat ilman omaa valoa, koska kuvapisteit\u00e4 ei muodosteta valon avulla. T\u00e4ll\u00e4 menetelm\u00e4ll\u00e4 on saatu miellytt\u00e4v\u00e4 n\u00e4ytt\u00f6 lukemista varten sill\u00e4 se ei vilku eik\u00e4 v\u00e4lky, ja akun kesto on viikkoja ennemmin kuin tunteja. Haittapuolena on hidas n\u00e4yt\u00f6n p\u00e4ivitys ja pienempi v\u00e4rivalikoima kuin LCD-n\u00e4yt\u00f6ill\u00e4.<\/p>\n\n\n<div class=\"wp-block-image\">\n<figure class=\"alignright size-full is-resized\"><a href=\"https:\/\/klaava.fi\/media\/2024\/09\/remarkablepaperpro-kasinkirjoitettu.jpg\"><img decoding=\"async\" src=\"https:\/\/klaava.fi\/media\/2024\/09\/remarkablepaperpro-kasinkirjoitettu.jpg\" alt=\"remarkable paper pro tablet, jolla voi kirjoittaa ja piirt\u00e4\u00e4 kyn\u00e4ll\u00e4\" class=\"wp-image-7812\" style=\"width:400px\"\/><\/a><\/figure>\n<\/div>\n\n\n<p>Remarkablen tavoite on alusta l\u00e4htien ollut tehd\u00e4 mahdollisimman hyv\u00e4 laite kyn\u00e4ll\u00e4 kirjoittamista, kuvien hahmottamista, asiakirjojen kommentointia ja lukemista varten. Paper Pro jatkaa samalla tiell\u00e4. T\u00e4m\u00e4 on hyv\u00e4 pit\u00e4\u00e4 mieless\u00e4 jos aikoo verrata t\u00e4t\u00e4 tuotetta esimerkiksi iPad Pro -tableteihin, joiden hinnat tosin ovat toisella tuhatluvulla.<\/p>\n\n\n\n<p>Remarkable-tabletien k\u00e4ytt\u00e4j\u00e4t saavat kattavan kirjoittamiseen, piirt\u00e4miseen ja lukemiseen tarkoitetun sovellusvalikoiman laitteen mukana. Uusia sovelluksia voi ladata vain Remarkablen valikoimista. Yksi hy\u00f6dyllinen laitteisiin sis\u00e4ltyv\u00e4 sovellus on tiedostojen synkronointi. Sovelluksen saa my\u00f6s PC:lle ja puhelimeen, jolloin ty\u00f6t siirtyv\u00e4t kaikille omille laitteille jouheasti.<\/p>\n\n\n\n<p>Remarkable Paper Pro -tabletin hinta on 649 euroa, jonka mukana tulee kyn\u00e4. Tuotteen toimitus Suomeen sis\u00e4ltyy hintaan. Yhti\u00f6 myy laitteet suoraan asiakkaille <a href=\"https:\/\/remarkable.com\/store\/remarkable-paper\/pro\">verkkokaupastaan<\/a>. Jos v\u00e4rin\u00e4ytt\u00f6 tuntuu tarpeettomalta, harmaas\u00e4vyn\u00e4yt\u00f6ll\u00e4 varustettu malli on edelleen myynniss\u00e4.<\/p>\n\n\n\n<p><a href=\"https:\/\/yewtu.be\/embed\/9uyh6KSYVJ4?t=566\">Katso esittelyvideo<\/a> miss\u00e4 ensin n\u00e4ytet\u00e4\u00e4n uuden laitteen k\u00e4ytt\u00f6\u00f6notto, ja 3 minuutin 20 sekunnin kohdalla alkaa jakso, jossa esitell\u00e4\u00e4n tavalliset kirjoitus- ja tekstink\u00e4sittelyominaisuudet. My\u00f6hemmin viel\u00e4 n\u00e4ytet\u00e4\u00e4n automaattinen synkronointi tietokoneen ja puhelimen v\u00e4lill\u00e4.<\/p>\n\n\n\n<p><\/p>\n\n\n\n<h2 class=\"wp-block-heading\">Remarkable Paper Pro -tabletin ominaisuuksia<\/h2>\n\n\n\n<ul class=\"wp-block-list\">\n<li>V\u00e4rin\u00e4yt\u00f6n koko 11.8 tuumaa, kuvasuhde 4:3. N\u00e4ytt\u00f6 on valaistu.<\/li>\n\n\n\n<li>Erotuskyky 2160 x 1620 kuvapistett\u00e4 (229 pistett\u00e4 tuumalla).<\/li>\n\n\n\n<li>Canvas Color -n\u00e4ytt\u00f6, jonka teknologia on E Ink Gallery 3.<\/li>\n\n\n\n<li>Prosessori 1.8 GHz quad-core Cortex-A53.<\/li>\n\n\n\n<li>2 GB RAM muistia.<\/li>\n\n\n\n<li>64 GB tallennustilaa.<\/li>\n\n\n\n<li>Langaton internet-yhteys Wi-Fi 2.4 GHz ja 5 GHz<\/li>\n\n\n\n<li>USB-C liitin. Akun lataus t\u00e4t\u00e4 kautta.<\/li>\n\n\n\n<li>K\u00e4ytt\u00f6j\u00e4rjestelm\u00e4 on Remarkablen oma, Linux-ohjelmistosta laitetta varten muokattu.<\/li>\n\n\n\n<li>Laitteeseen voi tuoda PDF ja EPUB-dokumentteja. PDF asiakirjoja ja PNG, SVG kuvia voi tallettaa kopioitavaksi muihin laitteisiin.<\/li>\n\n\n\n<li>Laitteen valikoiden kieli on ainoastaan englanti.<\/li>\n\n\n\n<li>MyScript- ohjelma muuntaa k\u00e4sin kirjoitetun tekstin tietokoneen tekstiksi.<\/li>\n\n\n\n<li>Remarkable tarjoaa pilvipalvelun, jonne tabletista voi tallettaa dokumentteja.<\/li>\n\n\n\n<li>Tietoturvaominaisuuksiin kuuluvat kaiken datan kryptaus kun sit\u00e4 laiitteeseen talletetaan, monivaiheinen tunnistus, automaattinen laitteen lukitus.<\/li>\n\n\n\n<li>Li-ion akku 5,030 mAh. Akun kesto p\u00e4ivi\u00e4 tai viikkoja, k\u00e4yt\u00f6st\u00e4 riippuen. Akku lataantuu noin 1.5 tunnissa.<\/li>\n\n\n\n<li>Laitteen ulkomitat 274 x 197 x 5 mm.<\/li>\n\n\n\n<li>Paino 525 gr.<\/li>\n<\/ul>\n","protected":false},"excerpt":{"rendered":"<p>Norjasta maailmalle ponnistanut yhteen tuotteeseen &#8211; kirjoitustabletiin &#8211; erikostunut Remarkable on saanut valmiiksi v\u00e4rin\u00e4yt\u00f6ll\u00e4 varustetun tabletin nimelt\u00e4\u00e4n Paper Pro. Samalla Remarkable kasvatti tabletin kokoa 11,8 tuumaan. Remarkable ei suoraan Paper Pron esittelyss\u00e4 erittele tabletin n\u00e4yt\u00f6n&hellip; <a href=\"https:\/\/klaava.fi\/?p=7806\">More<\/a><\/p>\n","protected":false},"author":1,"featured_media":0,"comment_status":"closed","ping_status":"closed","sticky":false,"template":"","format":"standard","meta":{"footnotes":""},"categories":[71,39],"tags":[785,1046,1381],"class_list":["post-7806","post","type-post","status-publish","format-standard","hentry","category-lukulaite","category-tablet","tag-kirjoittaa-kasin","tag-kirjoitustablet","tag-tekstintunnistus"],"_links":{"self":[{"href":"https:\/\/klaava.fi\/index.php?rest_route=\/wp\/v2\/posts\/7806","targetHints":{"allow":["GET"]}}],"collection":[{"href":"https:\/\/klaava.fi\/index.php?rest_route=\/wp\/v2\/posts"}],"about":[{"href":"https:\/\/klaava.fi\/index.php?rest_route=\/wp\/v2\/types\/post"}],"author":[{"embeddable":true,"href":"https:\/\/klaava.fi\/index.php?rest_route=\/wp\/v2\/users\/1"}],"replies":[{"embeddable":true,"href":"https:\/\/klaava.fi\/index.php?rest_route=%2Fwp%2Fv2%2Fcomments&post=7806"}],"version-history":[{"count":0,"href":"https:\/\/klaava.fi\/index.php?rest_route=\/wp\/v2\/posts\/7806\/revisions"}],"wp:attachment":[{"href":"https:\/\/klaava.fi\/index.php?rest_route=%2Fwp%2Fv2%2Fmedia&parent=7806"}],"wp:term":[{"taxonomy":"category","embeddable":true,"href":"https:\/\/klaava.fi\/index.php?rest_route=%2Fwp%2Fv2%2Fcategories&post=7806"},{"taxonomy":"post_tag","embeddable":true,"href":"https:\/\/klaava.fi\/index.php?rest_route=%2Fwp%2Fv2%2Ftags&post=7806"}],"curies":[{"name":"wp","href":"https:\/\/api.w.org\/{rel}","templated":true}]}}