{"id":8131,"date":"2025-05-11T10:15:00","date_gmt":"2025-05-11T07:15:00","guid":{"rendered":"https:\/\/klaava.fi\/?p=8131"},"modified":"2025-05-08T18:18:39","modified_gmt":"2025-05-08T15:18:39","slug":"mark-zuckerberg-avautui-sosiaalinen-media-ei-ole-enaa-sosiaalista","status":"publish","type":"post","link":"https:\/\/klaava.fi\/?p=8131","title":{"rendered":"Mark Zuckerberg avautui: sosiaalinen media ei ole en\u00e4\u00e4 sosiaalista"},"content":{"rendered":"<div class=\"wp-block-image\">\n<figure class=\"aligncenter size-large is-resized\"><img loading=\"lazy\" decoding=\"async\" width=\"1024\" height=\"870\" src=\"https:\/\/klaava.fi\/media\/2025\/05\/meta-about-sshot-1024x870.jpg\" alt=\"met-yhti\u00f6n missio-slogan\" class=\"wp-image-8133\" style=\"width:540px\" srcset=\"https:\/\/klaava.fi\/media\/2025\/05\/meta-about-sshot-1024x870.jpg 1024w, https:\/\/klaava.fi\/media\/2025\/05\/meta-about-sshot-300x255.jpg 300w, https:\/\/klaava.fi\/media\/2025\/05\/meta-about-sshot-768x653.jpg 768w, https:\/\/klaava.fi\/media\/2025\/05\/meta-about-sshot-600x510.jpg 600w, https:\/\/klaava.fi\/media\/2025\/05\/meta-about-sshot-940x799.jpg 940w, https:\/\/klaava.fi\/media\/2025\/05\/meta-about-sshot-471x400.jpg 471w, https:\/\/klaava.fi\/media\/2025\/05\/meta-about-sshot.jpg 1119w\" sizes=\"auto, (max-width: 1024px) 100vw, 1024px\" \/><figcaption class=\"wp-element-caption\">Meta-yhti\u00f6n missio: rakentaa inhimillisten yhteyksien tulevaisuutta.<\/figcaption><\/figure>\n<\/div>\n\n\n<p>Harvardin yliopistossa opiskellessaan siihen aikaan 20-vuotias Mark Zuckerberg ohjelmoi Facebook-palvelun ensimm\u00e4isen version muutamassa viikossa. Vuonna 2004 valmistunut ohjelmisto ei suinkaan ollut ensimm\u00e4inen sosiaalisen median palvelu, mutta melko nopeasti se valloitti maailman. Alusta l\u00e4htien sama mies on johtanut valtavaksi j\u00e4tiksi kasvanutta korporaatiota, joten h\u00e4n taatusti on n\u00e4hnyt sosiaalisen median kehityksen ja n\u00e4kee my\u00f6s sen l\u00e4hitulevaisuuden. Oikeudenk\u00e4ynniss\u00e4 yhti\u00f6t\u00e4 vastaan Zuckerberg paljasti tietoa mik\u00e4 kertoo meille ainakin sen mik\u00e4 kaupallisen sosiaalisen median tulevaisuus ei tule olemaan.<\/p>\n\n\n\n<blockquote class=\"wp-block-quote is-layout-flow wp-block-quote-is-layout-flow\">\n<p>Se ei tule olemaan sosiaalinen<br>samalla tavalla kuin olemme sosiaalisen median t\u00e4h\u00e4n asti ymm\u00e4rt\u00e4neet.<\/p>\n<\/blockquote>\n\n\n\n<p>Yhdysvalloissa markkinoiden toimivuutta valvova viranomainen FTC on haastanut Facebookin emoyhti\u00f6n Metan oikeuteen kilpailun rajoittamisesta. Jo vuosia sitten Meta osti Instagram- ja Whatsapp-palvelut havaitessaan niiden kasvavan niin nopeasti, ett\u00e4 niist\u00e4 saattaisi tulla vahvoja kilpailijoita Facebookille. Oikeutta k\u00e4yd\u00e4\u00e4n edelleen, mutta ajan kuluminen on k\u00e4\u00e4ntym\u00e4ss\u00e4 Metan eduksi. Zuckerberg puolusti yrityksens\u00e4 menneit\u00e4 tekosia oikeudessa <a href=\"https:\/\/www.newyorker.com\/culture\/infinite-scroll\/mark-zuckerberg-says-social-media-is-over\">esittelem\u00e4ll\u00e4 Instagramin ja Facebookin tilastoja<\/a>, joista ilmeni yst\u00e4vien viestien ja heid\u00e4n julkaisemien kuvien saavan \u00e4llistytt\u00e4v\u00e4n v\u00e4h\u00e4n huomiota k\u00e4ytt\u00e4jilt\u00e4 t\u00e4n\u00e4 p\u00e4iv\u00e4n\u00e4.<\/p>\n\n\n\n<ul class=\"wp-block-list\">\n<li>Instagramissa vietetyst\u00e4 ajasta vain 7% k\u00e4ytet\u00e4\u00e4n yst\u00e4vien kuvien katseluun, ja aika on pienenem\u00e4ss\u00e4 edelleen.<\/li>\n\n\n\n<li>Facebookissa kulutetusta ajasta vain 17% on yst\u00e4vien kuulumisten seuraamista, ja sekin on v\u00e4henem\u00e4ss\u00e4.<\/li>\n<\/ul>\n\n\n\n<p>Joku muu asia kuin yst\u00e4v\u00e4t siell\u00e4 palvelussa siis kiinnostaa. Oikeudessa Metan p\u00e4\u00e4omistaja Zuckerberg, yksi maailman rikkaimista ihmisist\u00e4 kertoikin yhti\u00f6n omistamien sosiaalisten palveluiden olevan jo aivan muuta kuin aiemmin. H\u00e4n kuvasi niiden tarjoavan <em>\u201dyleist\u00e4 viihdett\u00e4 ja maailman asioita ja tapahtumien seuraamista\u201d<\/em>.<\/p>\n\n\n\n<p>Satunnainen tarkkailija saattaa t\u00e4ss\u00e4 vaiheessa pohtia, ett\u00e4 ehk\u00e4 ihmisten viestivirran luovuttaminen algoritmien manipuloitavaksi on ajanut t\u00e4h\u00e4n tilanteeseen. Niin tai n\u00e4in, sill\u00e4 ei ole v\u00e4li\u00e4 koska mainostamisella liikevaihtonsa tekev\u00e4 sosiaalisen median palvelu tekee kaikkensa saadakseen enemm\u00e4n mainostajia. Tarkkaan kohdennetut mainokset ovat Metan erikoisosaamista sill\u00e4 yhti\u00f6ll\u00e4 on k\u00e4ytt\u00e4jiens\u00e4 melkoisen tarkka el\u00e4m\u00e4ntarina k\u00e4ytett\u00e4viss\u00e4\u00e4n. Kun algoritmeilla on k\u00e4yt\u00f6ss\u00e4\u00e4n henkil\u00f6kohtaista tietoa, ne osaavat vaikuttaa monen ihmisen mielialaan ja p\u00e4\u00e4t\u00f6ksiin valikoimalla mit\u00e4 he palvelussa n\u00e4kev\u00e4t ja mit\u00e4 eiv\u00e4t.<\/p>\n\n\n\n<p>Onneksemme tai ep\u00e4onneksemme Zuckerbergilla on jo suunnitelma valmiina miten mielenkiinnottomien yst\u00e4vien edesottamusten seuraamisen voi tehd\u00e4 j\u00e4nnitt\u00e4v\u00e4mm\u00e4ksi ja mahdollisen yst\u00e4vien puutteen korjata. Teko\u00e4ly on h\u00e4nen mielest\u00e4\u00e4n ratkaisu my\u00f6s t\u00e4h\u00e4n haasteeseen.<\/p>\n\n\n\n<p>Mark Zuckerberg kertoi haastattelussa olevansa huolissaan ihmisten v\u00e4h\u00e4isest\u00e4 yst\u00e4vien m\u00e4\u00e4r\u00e4st\u00e4. H\u00e4n mainitsi n\u00e4hneens\u00e4 tilaston, jonka mukaan amerikkalaisilla on keskim\u00e4\u00e4rin kolme yst\u00e4v\u00e4\u00e4 kun niit\u00e4 h\u00e4nen mielest\u00e4\u00e4n pit\u00e4isi olla 15. T\u00e4m\u00e4n ongelman h\u00e4n aikoo korjata antamalla (ilmeisesti Facebookissa, Instagramissa, Whatsappissa tai Threadsissa) <a href=\"https:\/\/futurism.com\/zuckerberg-lonely-friends-create-ai\">ihmisille kavereiksi teko\u00e4lyll\u00e4 toimivia henkil\u00f6hahmoja<\/a>.<\/p>\n\n\n\n<p>Liiketoimintamieless\u00e4 t\u00e4m\u00e4 on j\u00e4rkev\u00e4 suunnitelma Metan sosiaalisen median palveluille. Ihmiset on saatava pysym\u00e4\u00e4n palveluissa yh\u00e4 pidemp\u00e4\u00e4n, jotta heid\u00e4n tuottamansa mainostulo kasvaa jatkuvasti. Zuckerbergin n\u00e4k\u00f6kulmasta t\u00e4ss\u00e4 on viel\u00e4 sekin houkutteleva mahdollisuus, ett\u00e4 teko\u00e4lyteknologian omistaja Meta voi s\u00e4\u00e4t\u00e4\u00e4 keinotekoiset henkil\u00f6hahmot k\u00e4ytt\u00e4ytym\u00e4\u00e4n m\u00e4\u00e4r\u00e4tyll\u00e4 tavalla. Ehk\u00e4 hienovaraista manipulointia voisi kokeilla mainostajien haluamaan suuntaan? Hmm, mink\u00e4 tien Zuckerberg mahtaa valita?<\/p>\n\n\n\n<p>Joillekin ihmisille Facebook tai Instagram saattaa olla se ainoa sosiaalinen media mit\u00e4 h\u00e4n ikin\u00e4 uskoo tarvitsevansa, mutta todellisuudessa sosiaalisen median maailma on paljon rikkaampi kun katsoo muutakin tarjontaa kuin Metan palveluita. Lis\u00e4ksi muualla kuin Metan tuottamissa palveluissa saatetaan viel\u00e4 luottaa sosiaalisen median yhteis\u00f6llisyyteen.<\/p>\n\n\n\n<p>Monia toistaiseksi monta kertaa pienempi\u00e4 palveluita kuin Facebook on kuitenkin hyv\u00e4ss\u00e4 kasvuvaiheessa. Esimerkiksi Mastodon, Bluesky, ja Pixelfed ovat jo melkoisen suosittuja, eik\u00e4 niiden viestivirtaa t\u00e4ytet\u00e4 algoritmien poimimilla suosikeilla \u2013 ainakaan viel\u00e4. Teko\u00e4ly\u00e4 niiss\u00e4 ei my\u00f6sk\u00e4\u00e4n t\u00e4m\u00e4n p\u00e4iv\u00e4n tietojen mukaan sovelleta viestien tuottamiseen tai ihmisten mielialan muokkaamiseen.<\/p>\n\n\n\n<figure class=\"wp-block-image size-full\"><img loading=\"lazy\" decoding=\"async\" width=\"808\" height=\"475\" src=\"https:\/\/klaava.fi\/media\/2025\/05\/veniceai-kaverihahmoja-sshot.jpg\" alt=\"venice.ai teko\u00e4ly sis\u00e4lt\u00e4\u00e4 valmitta hahmoja joiden kanssa voi keskustella\" class=\"wp-image-8134\" srcset=\"https:\/\/klaava.fi\/media\/2025\/05\/veniceai-kaverihahmoja-sshot.jpg 808w, https:\/\/klaava.fi\/media\/2025\/05\/veniceai-kaverihahmoja-sshot-300x176.jpg 300w, https:\/\/klaava.fi\/media\/2025\/05\/veniceai-kaverihahmoja-sshot-768x451.jpg 768w, https:\/\/klaava.fi\/media\/2025\/05\/veniceai-kaverihahmoja-sshot-600x353.jpg 600w, https:\/\/klaava.fi\/media\/2025\/05\/veniceai-kaverihahmoja-sshot-680x400.jpg 680w\" sizes=\"auto, (max-width: 808px) 100vw, 808px\" \/><figcaption class=\"wp-element-caption\">Venice.ai-teko\u00e4lyn valmiita kaverhahmoja, joiden kanssa voi jutella.<\/figcaption><\/figure>\n","protected":false},"excerpt":{"rendered":"<p>Harvardin yliopistossa opiskellessaan siihen aikaan 20-vuotias Mark Zuckerberg ohjelmoi Facebook-palvelun ensimm\u00e4isen version muutamassa viikossa. Vuonna 2004 valmistunut ohjelmisto ei suinkaan ollut ensimm\u00e4inen sosiaalisen median palvelu, mutta melko nopeasti se valloitti maailman. Alusta l\u00e4htien sama mies&hellip; <a href=\"https:\/\/klaava.fi\/?p=8131\">More<\/a><\/p>\n","protected":false},"author":1,"featured_media":0,"comment_status":"closed","ping_status":"closed","sticky":false,"template":"","format":"standard","meta":{"footnotes":""},"categories":[20],"tags":[674,139,1427,324,1223,755,554],"class_list":["post-8131","post","type-post","status-publish","format-standard","hentry","category-digitaalinen-media","tag-facebook","tag-instagram","tag-mark-zuckerberg","tag-media","tag-meta","tag-sosiaalinen","tag-tekoaly"],"_links":{"self":[{"href":"https:\/\/klaava.fi\/index.php?rest_route=\/wp\/v2\/posts\/8131","targetHints":{"allow":["GET"]}}],"collection":[{"href":"https:\/\/klaava.fi\/index.php?rest_route=\/wp\/v2\/posts"}],"about":[{"href":"https:\/\/klaava.fi\/index.php?rest_route=\/wp\/v2\/types\/post"}],"author":[{"embeddable":true,"href":"https:\/\/klaava.fi\/index.php?rest_route=\/wp\/v2\/users\/1"}],"replies":[{"embeddable":true,"href":"https:\/\/klaava.fi\/index.php?rest_route=%2Fwp%2Fv2%2Fcomments&post=8131"}],"version-history":[{"count":2,"href":"https:\/\/klaava.fi\/index.php?rest_route=\/wp\/v2\/posts\/8131\/revisions"}],"predecessor-version":[{"id":8135,"href":"https:\/\/klaava.fi\/index.php?rest_route=\/wp\/v2\/posts\/8131\/revisions\/8135"}],"wp:attachment":[{"href":"https:\/\/klaava.fi\/index.php?rest_route=%2Fwp%2Fv2%2Fmedia&parent=8131"}],"wp:term":[{"taxonomy":"category","embeddable":true,"href":"https:\/\/klaava.fi\/index.php?rest_route=%2Fwp%2Fv2%2Fcategories&post=8131"},{"taxonomy":"post_tag","embeddable":true,"href":"https:\/\/klaava.fi\/index.php?rest_route=%2Fwp%2Fv2%2Ftags&post=8131"}],"curies":[{"name":"wp","href":"https:\/\/api.w.org\/{rel}","templated":true}]}}