{"id":8186,"date":"2025-09-01T11:20:00","date_gmt":"2025-09-01T08:20:00","guid":{"rendered":"https:\/\/klaava.fi\/?p=8186"},"modified":"2025-08-28T15:23:14","modified_gmt":"2025-08-28T12:23:14","slug":"valokuvaus-kasvussa-vai-laskussa-trendit-viittaavat-kameroiden-ja-retrotyylien-paluuseen","status":"publish","type":"post","link":"https:\/\/klaava.fi\/?p=8186","title":{"rendered":"Valokuvaus kasvussa vai laskussa? Trendit viittaavat kameroiden ja retrotyylien paluuseen"},"content":{"rendered":"<div class=\"wp-block-image\">\n<figure class=\"aligncenter size-large\"><img loading=\"lazy\" decoding=\"async\" width=\"1024\" height=\"768\" src=\"https:\/\/klaava.fi\/media\/2025\/08\/digicamcompact2-rt2-1024x768.jpg\" alt=\"fujifilm finepix kompakti digikamera\" class=\"wp-image-8189\" srcset=\"https:\/\/klaava.fi\/media\/2025\/08\/digicamcompact2-rt2-1024x768.jpg 1024w, https:\/\/klaava.fi\/media\/2025\/08\/digicamcompact2-rt2-300x225.jpg 300w, https:\/\/klaava.fi\/media\/2025\/08\/digicamcompact2-rt2-768x576.jpg 768w, https:\/\/klaava.fi\/media\/2025\/08\/digicamcompact2-rt2-600x450.jpg 600w, https:\/\/klaava.fi\/media\/2025\/08\/digicamcompact2-rt2-940x705.jpg 940w, https:\/\/klaava.fi\/media\/2025\/08\/digicamcompact2-rt2-533x400.jpg 533w, https:\/\/klaava.fi\/media\/2025\/08\/digicamcompact2-rt2.jpg 1397w\" sizes=\"auto, (max-width: 1024px) 100vw, 1024px\" \/><figcaption class=\"wp-element-caption\">  <\/figcaption><\/figure>\n<\/div>\n\n\n<p>Samalla kun teko\u00e4ly on oppinut puhumaan ja kirjoittamaan, se on oppinut tekem\u00e4\u00e4n halutunlaisia valokuvia pyydetyist\u00e4 aiheista. Tietokoneiden luomat kuvat ja videot ovat jo niin aidon n\u00e4k\u00f6isi\u00e4, ett\u00e4 <a href=\"https:\/\/klaava.fi\/?p=7701\">niiden tarkastamista varten on tehty omat ohjelmistot<\/a>. Kaikesta uuden teknologian aiheuttamasta h\u00e4mmenyksest\u00e4 ja toisaalta sen vetovoimasta on saattanut seurata halu palata vanhaan. Trendej\u00e4 mittaavien tilastojen mukaan valokuvauksessa retro, esimerkiksi ik\u00e4\u00e4n kuin kertak\u00e4ytt\u00f6kameralla napatut suttuiset kuvat, filmirullalle kuvia tallentavat kamerat ja my\u00f6s markkinoilta jo h\u00e4vinneet digitaaliset kompaktikamerat ovat tulossa takaisin.<\/p>\n\n\n\n<p>Maailmassa otetaan joka p\u00e4iv\u00e4 enemm\u00e4n kuvia ja videoita mit\u00e4 koskaan ennen. Syyn\u00e4 ovat luonnollisesti puhelimissa olevat kamerat, joilla napatuille kuville l\u00f6ytyy loputtomasti julkaisutilaa sosiaalisen median palveluista ja kuvien jakamista varten perustetuista pilvipalveluista. Valokuvaaminen siis voi aivan mainiosti kuvien m\u00e4\u00e4r\u00e4ll\u00e4 mitattuna, eik\u00e4 ole n\u00e4kyviss\u00e4 mit\u00e4\u00e4n mik\u00e4 t\u00e4t\u00e4 maailmanlaajuista kuvaamisintoa voisi v\u00e4hent\u00e4\u00e4 \u2013 ei edes teko\u00e4lyll\u00e4 aikaansaadut kuvat, sill\u00e4 selfie kavereiden kanssa on paras juuri sellaisena kuin tilanne kuvaushetkell\u00e4 on.<\/p>\n\n\n<div class=\"wp-block-image\">\n<figure class=\"alignright size-large is-resized\"><a href=\"https:\/\/klaava.fi\/media\/2025\/08\/motorolampx220-13-ed.jpg\"><img loading=\"lazy\" decoding=\"async\" width=\"849\" height=\"1024\" src=\"https:\/\/klaava.fi\/media\/2025\/08\/motorolampx220-13-ed-849x1024.jpg\" alt=\"motorola mpx220 kamerapuhelin\" class=\"wp-image-8191\" style=\"width:420px\" srcset=\"https:\/\/klaava.fi\/media\/2025\/08\/motorolampx220-13-ed-849x1024.jpg 849w, https:\/\/klaava.fi\/media\/2025\/08\/motorolampx220-13-ed-249x300.jpg 249w, https:\/\/klaava.fi\/media\/2025\/08\/motorolampx220-13-ed-768x927.jpg 768w, https:\/\/klaava.fi\/media\/2025\/08\/motorolampx220-13-ed-497x600.jpg 497w, https:\/\/klaava.fi\/media\/2025\/08\/motorolampx220-13-ed-940x1134.jpg 940w, https:\/\/klaava.fi\/media\/2025\/08\/motorolampx220-13-ed-332x400.jpg 332w, https:\/\/klaava.fi\/media\/2025\/08\/motorolampx220-13-ed.jpg 988w\" sizes=\"auto, (max-width: 849px) 100vw, 849px\" \/><\/a><\/figure>\n<\/div>\n\n\n<p>Itse olen huomannut viimeisen vuoden tai kahden aikana filmikameralla kuvaamisen lis\u00e4\u00e4ntyneen esimerkiksi verkon kuvapalveluissa, joissa omia otoksia esitell\u00e4\u00e4n. Voi tosin olla, ett\u00e4 filmiin takaisin digitaalisesta kamerasta siirtyneill\u00e4 valokuvaajilla on erityinen tarve ilmoittaa maailmalle asiasta, joten he erottuvat joukosta. Filmille otetut kuvat ovat aivan yht\u00e4 paljon kiinni siit\u00e4 miten silm\u00e4t suljinnapin takana otoksen kehyst\u00e4v\u00e4t. Kuvien j\u00e4lkik\u00e4sittelynkin voi hoidella samoilla ty\u00f6kaluilla olipa alkuper\u00e4inen kuva filmill\u00e4 tai bittein\u00e4. Yhdell\u00e4 on luja usko filmin tuottavan parempia kuvia, kun toinen luottaa digitaaliseen teknologiaan. Vaihtoehtoja on siis kamerateknologiassakin hyv\u00e4 olla.<\/p>\n\n\n\n<p>Design-tarkoituksiin valokuvia tarjoava yritys Stills n\u00e4kee <a href=\"https:\/\/res.cloudinary.com\/stills-website\/image\/upload\/Marketing\/2025-Stills-Trend-Report.pdf\">valokuvauksen trendien vuonna 2025<\/a> vaihtaneen vahvasti suuntaa viime vuosien valtavirrasta. Yhti\u00f6n julkaisema <em>Photography in Design Trend Report<\/em> nostaa esiin viisi valokuviin liittyv\u00e4\u00e4 trendi\u00e4.<\/p>\n\n\n\n<ul class=\"wp-block-list\">\n<li>Valokuvien autenttisuus. Lavastettujen ja viimeisen p\u00e4\u00e4lle hiottujen kuvien sijaan kysynt\u00e4\u00e4 on aidoille tilanteille ja ihmisille v\u00e4hemm\u00e4n lavastetuissa kehyksiss\u00e4.<\/li>\n\n\n\n<li>Abstraktit kuva-aiheet.<\/li>\n\n\n\n<li>Tummas\u00e4vyinen v\u00e4rimaailma. Valloittaako tietokonen\u00f6rttien n\u00e4yt\u00f6ill\u00e4 suosima tumma tausta \u2013 vaalea teksti my\u00f6s trendej\u00e4 seuraavien valokuvaajien kehykset?<\/li>\n\n\n\n<li>Suora salamavalo. Tarkoituksena on k\u00e4ytt\u00e4\u00e4 salamavaloa suoraan kohteeseen siten, ett\u00e4 katsoja huomaa tilanteessa k\u00e4ytetyn salamaa. Pyrkimyksen\u00e4 vahvistaa kuvan autenttisuutta.<\/li>\n\n\n\n<li>K\u00e4sintehty vaikutelma. Jos muistat mink\u00e4laisia sanomalehtien rakeiset valokuvat olivat aikoinaan tai internetin alkuvuosien grafiikka, jonka usein tuottivat ohjelmoijat, p\u00e4\u00e4set nostalgian j\u00e4ljille mit\u00e4 t\u00e4m\u00e4 trendi ilment\u00e4\u00e4.<\/li>\n<\/ul>\n\n\n\n<p>Pitk\u00e4lle saman suuntaisesti valokuvauksen trendit n\u00e4kee <a href=\"https:\/\/www.digitalcameraworld.com\/photography\/photography-styles\/retro-cameras-are-making-a-comeback-bad-photography-is-trending-right-alongside-them\">Digital Camera World<\/a>. Rakeiset kuvat, villit v\u00e4rit, suora salama ja ep\u00e4selv\u00e4t kuvat ovat suosiossa.<\/p>\n\n\n\n<p>Mit\u00e4 n\u00e4ist\u00e4 trendeist\u00e4 sitten seuraa? Yksi ehk\u00e4 yll\u00e4tt\u00e4v\u00e4kin seuraus on kameramyynnin kasvu. Kamerapuhelinten yleistytty\u00e4 joitakin perinteisi\u00e4 kameravalmistajia joutui lopettamaan tai myym\u00e4\u00e4n sen mit\u00e4 kameraliiketoiminnasta oli j\u00e4ljell\u00e4. Nyt markkinoilla pysyneet muutamat sinnikk\u00e4\u00e4t kameravalmistajat ovat saaneet hyvi\u00e4 uutisia kun maailmalta raportoidaan <a href=\"https:\/\/www.techradar.com\/cameras\/cameras-are-back-why-theyve-grown-for-the-first-time-in-13-years-despite-the-power-of-iphone-and-android-phones\">digitaalisten kompaktikameroiden ja pienten j\u00e4rjestelm\u00e4kameroiden myynnin loivasta kasvusta<\/a>.<\/p>\n\n\n\n<p>Vaikka n\u00e4m\u00e4 trendit eiv\u00e4t v\u00e4ltt\u00e4m\u00e4tt\u00e4 ole suosiollisia teko\u00e4lylle, teknologia ei siit\u00e4 h\u00e4tk\u00e4hd\u00e4. Teko\u00e4ly tulee kehittym\u00e4\u00e4n edelleen, retrotyylit mukaanlukien, ja sen k\u00e4ytt\u00f6 valokuvauksessa ja videokuvauksessa laajenee.<\/p>\n\n\n\n<p>Yksi asia teko\u00e4lyst\u00e4 on syyt\u00e4 muistaa. Teko\u00e4ly n\u00e4ytt\u00e4\u00e4 pystyv\u00e4n uskomattomiin suorituksiin tehdess\u00e4\u00e4n kuvia ja videoita, mutta tyhj\u00e4st\u00e4 se ei niit\u00e4 nyhj\u00e4ise. Suurille teko\u00e4lyj\u00e4rjestelmille on sy\u00f6tetty miljoonia kuvia mit\u00e4 internetist\u00e4 on l\u00f6ytynyt, jonka j\u00e4lkeen sille on opetettu mik\u00e4 hahmo kuvissa on ihminen, kukka, tai lintu. J\u00e4rjestelmien luomat kuvat ovat &#8211; brutaalisti yksinkertaistaen &#8211; synteesej\u00e4 niille sy\u00f6tetyist\u00e4 kuvista.<\/p>\n\n\n\n<p><\/p>\n","protected":false},"excerpt":{"rendered":"<p>Samalla kun teko\u00e4ly on oppinut puhumaan ja kirjoittamaan, se on oppinut tekem\u00e4\u00e4n halutunlaisia valokuvia pyydetyist\u00e4 aiheista. Tietokoneiden luomat kuvat ja videot ovat jo niin aidon n\u00e4k\u00f6isi\u00e4, ett\u00e4 niiden tarkastamista varten on tehty omat ohjelmistot. Kaikesta&hellip; <a href=\"https:\/\/klaava.fi\/?p=8186\">More<\/a><\/p>\n","protected":false},"author":7,"featured_media":0,"comment_status":"closed","ping_status":"closed","sticky":false,"template":"","format":"standard","meta":{"footnotes":""},"categories":[200],"tags":[126,1440,238,1421,405,502],"class_list":["post-8186","post","type-post","status-publish","format-standard","hentry","category-valokuvaus","tag-digitaalinen","tag-filmi","tag-kamera","tag-kamerapuhelin","tag-retro","tag-trendi"],"_links":{"self":[{"href":"https:\/\/klaava.fi\/index.php?rest_route=\/wp\/v2\/posts\/8186","targetHints":{"allow":["GET"]}}],"collection":[{"href":"https:\/\/klaava.fi\/index.php?rest_route=\/wp\/v2\/posts"}],"about":[{"href":"https:\/\/klaava.fi\/index.php?rest_route=\/wp\/v2\/types\/post"}],"author":[{"embeddable":true,"href":"https:\/\/klaava.fi\/index.php?rest_route=\/wp\/v2\/users\/7"}],"replies":[{"embeddable":true,"href":"https:\/\/klaava.fi\/index.php?rest_route=%2Fwp%2Fv2%2Fcomments&post=8186"}],"version-history":[{"count":3,"href":"https:\/\/klaava.fi\/index.php?rest_route=\/wp\/v2\/posts\/8186\/revisions"}],"predecessor-version":[{"id":8193,"href":"https:\/\/klaava.fi\/index.php?rest_route=\/wp\/v2\/posts\/8186\/revisions\/8193"}],"wp:attachment":[{"href":"https:\/\/klaava.fi\/index.php?rest_route=%2Fwp%2Fv2%2Fmedia&parent=8186"}],"wp:term":[{"taxonomy":"category","embeddable":true,"href":"https:\/\/klaava.fi\/index.php?rest_route=%2Fwp%2Fv2%2Fcategories&post=8186"},{"taxonomy":"post_tag","embeddable":true,"href":"https:\/\/klaava.fi\/index.php?rest_route=%2Fwp%2Fv2%2Ftags&post=8186"}],"curies":[{"name":"wp","href":"https:\/\/api.w.org\/{rel}","templated":true}]}}