{"id":90,"date":"2009-08-13T06:11:21","date_gmt":"2009-08-13T03:11:21","guid":{"rendered":"https:\/\/klaava.fi\/?p=90"},"modified":"2009-08-13T06:11:21","modified_gmt":"2009-08-13T03:11:21","slug":"anssi-kelan-videoblogi-kertoo-levyn-tekemisesta-ja-paivan-mietteista","status":"publish","type":"post","link":"https:\/\/klaava.fi\/?p=90","title":{"rendered":"Anssi Kelan videoblogi kertoo levyn tekemisest\u00e4 ja p\u00e4iv\u00e4n mietteist\u00e4"},"content":{"rendered":"<p>Anssi Kelan uusi albumi Aukio ilmestyy 9.9.2009. H\u00e4n on ottanut tavoitteekseen julkaista joka p\u00e4iv\u00e4, sunnuntaita lukuunottamatta, videon p\u00e4iv\u00e4n tapahtumista tai aherruksesta musiikin parissa.<\/p>\n<p>Anssi Kela kertoo ensimm\u00e4isess\u00e4 videop\u00e4iv\u00e4kirjassa miksi h\u00e4nen mielest\u00e4\u00e4n uusi levy on ennen kaikkea b\u00e4ndilevy ja miksi b\u00e4ndill\u00e4 ei ole omaa nime\u00e4:<br \/>\n<object width=\"425\" height=\"344\"><param name=\"movie\" value=\"http:\/\/www.youtube.com\/v\/C1rdOpwdySg&#038;color1=0xb1b1b1&#038;color2=0xcfcfcf&#038;feature=player_embedded&#038;fs=1\"><\/param><param name=\"allowFullScreen\" value=\"true\"><\/param><param name=\"allowScriptAccess\" value=\"always\"><\/param><embed src=\"http:\/\/www.youtube.com\/v\/C1rdOpwdySg&#038;color1=0xb1b1b1&#038;color2=0xcfcfcf&#038;feature=player_embedded&#038;fs=1\" type=\"application\/x-shockwave-flash\" allowfullscreen=\"true\" allowScriptAccess=\"always\" width=\"425\" height=\"344\"><\/embed><\/object><br \/>\nLis\u00e4\u00e4 p\u00e4ivitt\u00e4isi\u00e4 mietteit\u00e4 ja musiikkin\u00e4ytteit\u00e4 l\u00f6ytyy h\u00e4nen blogistaan ja Youtube-kanavalta (http:\/\/www.youtube.com\/user\/AnssiKela#play\/user\/7540C9C5FEB00236).<\/p>\n","protected":false},"excerpt":{"rendered":"<p>Anssi Kelan uusi albumi Aukio ilmestyy 9.9.2009. H\u00e4n on ottanut tavoitteekseen julkaista joka p\u00e4iv\u00e4, sunnuntaita lukuunottamatta, videon p\u00e4iv\u00e4n tapahtumista tai aherruksesta musiikin parissa.<\/p>\n<p>Anssi Kela kertoo ensimm\u00e4isess\u00e4 videop\u00e4iv\u00e4kirjassa miksi h\u00e4nen mielest\u00e4\u00e4n uusi levy on ennen kaikkea b\u00e4ndilevy ja miksi b\u00e4ndill\u00e4 ei ole omaa nime\u00e4:<\/p>\n","protected":false},"author":7,"featured_media":0,"comment_status":"open","ping_status":"open","sticky":false,"template":"","format":"standard","meta":{"footnotes":""},"categories":[1],"tags":[],"class_list":["post-90","post","type-post","status-publish","format-standard","hentry","category-yleinen"],"_links":{"self":[{"href":"https:\/\/klaava.fi\/index.php?rest_route=\/wp\/v2\/posts\/90","targetHints":{"allow":["GET"]}}],"collection":[{"href":"https:\/\/klaava.fi\/index.php?rest_route=\/wp\/v2\/posts"}],"about":[{"href":"https:\/\/klaava.fi\/index.php?rest_route=\/wp\/v2\/types\/post"}],"author":[{"embeddable":true,"href":"https:\/\/klaava.fi\/index.php?rest_route=\/wp\/v2\/users\/7"}],"replies":[{"embeddable":true,"href":"https:\/\/klaava.fi\/index.php?rest_route=%2Fwp%2Fv2%2Fcomments&post=90"}],"version-history":[{"count":0,"href":"https:\/\/klaava.fi\/index.php?rest_route=\/wp\/v2\/posts\/90\/revisions"}],"wp:attachment":[{"href":"https:\/\/klaava.fi\/index.php?rest_route=%2Fwp%2Fv2%2Fmedia&parent=90"}],"wp:term":[{"taxonomy":"category","embeddable":true,"href":"https:\/\/klaava.fi\/index.php?rest_route=%2Fwp%2Fv2%2Fcategories&post=90"},{"taxonomy":"post_tag","embeddable":true,"href":"https:\/\/klaava.fi\/index.php?rest_route=%2Fwp%2Fv2%2Ftags&post=90"}],"curies":[{"name":"wp","href":"https:\/\/api.w.org\/{rel}","templated":true}]}}